{"id":193791,"date":"2026-06-02T16:08:32","date_gmt":"2026-06-02T16:08:32","guid":{"rendered":"https:\/\/www.europesays.com\/ee\/193791\/"},"modified":"2026-06-02T16:08:32","modified_gmt":"2026-06-02T16:08:32","slug":"fookus-%e2%9f%a9-eesti-julgeolekuekspert-pani-sakslased-vene-ohust-teisiti-motlema","status":"publish","type":"post","link":"https:\/\/www.europesays.com\/ee\/193791\/","title":{"rendered":"FOOKUS \u27e9 Eesti julgeolekuekspert pani sakslased Vene ohust teisiti m\u00f5tlema"},"content":{"rendered":"<p>Aastaid on sakslastele r\u00e4\u00e4gitud, et kui Venemaa peaks NATOt r\u00fcndama, siis toimub see piirialadel ning et v\u00f5imaliku r\u00fcnnaku esimesteks ohvriteks on narvalased, hiidlased v\u00f5i Suwa\u0142ki maakitsuse l\u00e4hedal elavad leedulased. Julgeolekuekspert Erkki Koort on t\u00e4navu sakslaste Vene ohu taju aga pea peale p\u00f6\u00f6ranud. Toimetaja Meelis Oidsalu annab \u00fclevaate Koorti algatatud uuest Saksamaad puudutavast julgeolekudebatist.<\/p>\n","protected":false},"excerpt":{"rendered":"Aastaid on sakslastele r\u00e4\u00e4gitud, et kui Venemaa peaks NATOt r\u00fcndama, siis toimub see piirialadel ning et v\u00f5imaliku r\u00fcnnaku&hellip;\n","protected":false},"author":2,"featured_media":193792,"comment_status":"","ping_status":"","sticky":false,"template":"","format":"standard","meta":{"footnotes":"","_share_on_mastodon":"0"},"categories":[80],"tags":[26,27,6224,37,33,35,3778,34,36,31,32,1142,21,5185,28,29,95,19,52034,25,45219,51,45216,33477,23,24,22,20,30,92,93,94,45221],"class_list":["post-193791","post","type-post","status-publish","format-standard","has-post-thumbnail","category-maailm","tag-breaking-news","tag-breakingnews","tag-carlo-masala","tag-ee","tag-eesti","tag-eesti-keel","tag-erkki-koort","tag-estonia","tag-estonian","tag-featured-news","tag-featurednews","tag-friedrich-merz","tag-headlines","tag-hubriidsoda","tag-latest-news","tag-latestnews","tag-maailm","tag-news","tag-ohuhinnang","tag-populaarseimad-lood","tag-rugeni-saar","tag-saksamaa","tag-saksamaa-julgeolek","tag-suwalki-koridor","tag-top-stories","tag-topstories","tag-uldised-uudised","tag-uudised","tag-viimased-uudised","tag-world","tag-world-news","tag-worldnews","tag-zeitenwende"],"share_on_mastodon":{"url":"https:\/\/pubeurope.com\/@ee\/116681382837609029","error":""},"_links":{"self":[{"href":"https:\/\/www.europesays.com\/ee\/wp-json\/wp\/v2\/posts\/193791","targetHints":{"allow":["GET"]}}],"collection":[{"href":"https:\/\/www.europesays.com\/ee\/wp-json\/wp\/v2\/posts"}],"about":[{"href":"https:\/\/www.europesays.com\/ee\/wp-json\/wp\/v2\/types\/post"}],"author":[{"embeddable":true,"href":"https:\/\/www.europesays.com\/ee\/wp-json\/wp\/v2\/users\/2"}],"replies":[{"embeddable":true,"href":"https:\/\/www.europesays.com\/ee\/wp-json\/wp\/v2\/comments?post=193791"}],"version-history":[{"count":0,"href":"https:\/\/www.europesays.com\/ee\/wp-json\/wp\/v2\/posts\/193791\/revisions"}],"wp:featuredmedia":[{"embeddable":true,"href":"https:\/\/www.europesays.com\/ee\/wp-json\/wp\/v2\/media\/193792"}],"wp:attachment":[{"href":"https:\/\/www.europesays.com\/ee\/wp-json\/wp\/v2\/media?parent=193791"}],"wp:term":[{"taxonomy":"category","embeddable":true,"href":"https:\/\/www.europesays.com\/ee\/wp-json\/wp\/v2\/categories?post=193791"},{"taxonomy":"post_tag","embeddable":true,"href":"https:\/\/www.europesays.com\/ee\/wp-json\/wp\/v2\/tags?post=193791"}],"curies":[{"name":"wp","href":"https:\/\/api.w.org\/{rel}","templated":true}]}}