{"id":193813,"date":"2026-06-02T16:28:23","date_gmt":"2026-06-02T16:28:23","guid":{"rendered":"https:\/\/www.europesays.com\/ee\/193813\/"},"modified":"2026-06-02T16:28:23","modified_gmt":"2026-06-02T16:28:23","slug":"eesti-jalgpallinoored-pakkusid-haid-emotsioone-aga-manguliselt-jaadi-koiges-alla","status":"publish","type":"post","link":"https:\/\/www.europesays.com\/ee\/193813\/","title":{"rendered":"Eesti jalgpallinoored pakkusid h\u00e4id emotsioone, aga m\u00e4nguliselt j\u00e4\u00e4di k\u00f5iges alla"},"content":{"rendered":"<li>\n<p>Eesti U17 koondis kaotas Hispaaniale 1:3, Horvaatiale 1:4 ja Belgiale 0:1. Tulemused on justkui okeid ja eesm\u00e4rgid t\u00e4ideti, aga samas m\u00e4ngupilt oli p\u00e4ris kehv.<\/p>\n<\/li>\n<li>\n<p>Eesti koondise legendid viigistasid Gruusia legendidega 2:2, Oper sai kirja v\u00e4ravas\u00f6\u00f6du. Kas mat\u0161i j\u00e4rel oli k\u00f5vem bankett?<\/p>\n<\/li>\n<li>\n<p>Eesti praegune rahvuskoondis kohtub laup\u00e4evases Balti turniiri poolfinaalis F\u00e4\u00e4ri saartega. Kas koosseisus oli \u00fcllatusi?<\/p>\n<\/li>\n<li>\n<p>Eesti meistriliigas Paide Linnameeskond ja N\u00f5mme Kalju koperdasid, Tallinna Levadia v\u00f5ttis l\u00e4bi h\u00e4da v\u00f5idu ning Tallinna Flora lustis.<\/p>\n<p>Head kuulamist!<\/p>\n<\/li>\n","protected":false},"excerpt":{"rendered":"Eesti U17 koondis kaotas Hispaaniale 1:3, Horvaatiale 1:4 ja Belgiale 0:1. Tulemused on justkui okeid ja eesm\u00e4rgid t\u00e4ideti,&hellip;\n","protected":false},"author":2,"featured_media":193814,"comment_status":"","ping_status":"","sticky":false,"template":"","format":"standard","meta":{"footnotes":"","_share_on_mastodon":"0"},"categories":[18],"tags":[27159,37,33,35,39425,34,36,2816,38522,159,158],"class_list":["post-193813","post","type-post","status-publish","format-standard","has-post-thumbnail","category-sport","tag-andres-oper","tag-ee","tag-eesti","tag-eesti-keel","tag-eigo-kaljurand","tag-estonia","tag-estonian","tag-jalgpallistuudio","tag-madis-kalvet","tag-sport","tag-sports"],"share_on_mastodon":{"url":"https:\/\/pubeurope.com\/@ee\/116681461101564378","error":""},"_links":{"self":[{"href":"https:\/\/www.europesays.com\/ee\/wp-json\/wp\/v2\/posts\/193813","targetHints":{"allow":["GET"]}}],"collection":[{"href":"https:\/\/www.europesays.com\/ee\/wp-json\/wp\/v2\/posts"}],"about":[{"href":"https:\/\/www.europesays.com\/ee\/wp-json\/wp\/v2\/types\/post"}],"author":[{"embeddable":true,"href":"https:\/\/www.europesays.com\/ee\/wp-json\/wp\/v2\/users\/2"}],"replies":[{"embeddable":true,"href":"https:\/\/www.europesays.com\/ee\/wp-json\/wp\/v2\/comments?post=193813"}],"version-history":[{"count":0,"href":"https:\/\/www.europesays.com\/ee\/wp-json\/wp\/v2\/posts\/193813\/revisions"}],"wp:featuredmedia":[{"embeddable":true,"href":"https:\/\/www.europesays.com\/ee\/wp-json\/wp\/v2\/media\/193814"}],"wp:attachment":[{"href":"https:\/\/www.europesays.com\/ee\/wp-json\/wp\/v2\/media?parent=193813"}],"wp:term":[{"taxonomy":"category","embeddable":true,"href":"https:\/\/www.europesays.com\/ee\/wp-json\/wp\/v2\/categories?post=193813"},{"taxonomy":"post_tag","embeddable":true,"href":"https:\/\/www.europesays.com\/ee\/wp-json\/wp\/v2\/tags?post=193813"}],"curies":[{"name":"wp","href":"https:\/\/api.w.org\/{rel}","templated":true}]}}