{"id":193845,"date":"2026-06-02T17:15:20","date_gmt":"2026-06-02T17:15:20","guid":{"rendered":"https:\/\/www.europesays.com\/ee\/193845\/"},"modified":"2026-06-02T17:15:20","modified_gmt":"2026-06-02T17:15:20","slug":"kohus-moistis-alaealised-mehe-morvas-suudi-eesti","status":"publish","type":"post","link":"https:\/\/www.europesays.com\/ee\/193845\/","title":{"rendered":"Kohus m\u00f5istis alaealised mehe m\u00f5rvas s\u00fc\u00fcdi | Eesti"},"content":{"rendered":"<p>Tartu maakohus m\u00f5istis 17-aastase ja 16-aastase neiu ning 17-aastase noormehe s\u00fc\u00fcdi teise inimese tapmises, mis on toime pandud piinaval ja julmal viisil ning m\u00f5istis neile karistuseks \u00fcheksa aastat ja kaheksa kuud, \u00fcheksa ja pool aastat ning kaheksa ja pool aastat vangistust.<\/p>\n<p>Prokuratuur s\u00fc\u00fcdistas teo toimepanemise ajal 16- ja 15-aastast neidu teise inimese tahtlikus tapmises, mis on toime pandud piinaval ja julmal viisil. 16-aastast noormeest s\u00fc\u00fcdistas prokuratuur kahe v\u00f5i enama isiku poolt toimepandud kallaletungis osalemises, kui sellega kaasnes inimese surm.<\/p>\n<p>Juhtum leidis aset J\u00f5geval m\u00f6\u00f6dunud suvel. S\u00fc\u00fcdistuse kohaselt tekkis noortel p\u00e4rast \u00fchist alkoholi tarbimist m\u00f5te anda seltskonnas viibinud liikumispuudega mehele peksa.<\/p>\n<p>Esimesena s\u00fclitas 16-aastane noormees kannatanule mahla n\u00e4kku, misj\u00e4rel l\u00f5i kannatanut 16-aastane neiu rusikaga n\u00e4kku ning t\u00f5mbas kannatanu pikali maha. Kui kannatanu lamas maas, peksid alaealised neiud teda korduvalt jalgade, k\u00e4te ja kannatanu metallist karguga p\u00e4he ning kehasse. Samuti k\u00e4gistati kannatanut pika aja jooksul korduvalt ja \u00fcks s\u00fc\u00fcdistatavatest h\u00fcppas tema rindkerel. Selle tegevuse tagaj\u00e4rjel mees suri.<\/p>\n<p>16-aastane noormees filmis telefoniga osa noorte tegevusest.<\/p>\n<p>Kohus luges t\u00f5endatuks, et noored kasutasid mehe kallal f\u00fc\u00fcsilist v\u00e4givalda peaaegu katkematult ligemale 18 minutit. Kohus n\u00f5ustus prokuratuuriga, et tapmine oli oma avaldumisvormilt \u00e4\u00e4retult julm.<\/p>\n<p>Samas leidis kohus, et noormeest tuleb antud juhtumis k\u00e4sitleda m\u00f5rva kaast\u00e4ideviijana. Noormees algatas konflikti ja alustas v\u00e4\u00e4rkohtlemist ja alles seej\u00e4rel liitusid sellega neiud ning ei ole \u00f5ige vaadelda noormehe peksmistegevust eraldiseisvana teiste s\u00fc\u00fcdistatavate tegevusest.<\/p>\n<p>Kohus ei v\u00e4listanud, et joobes kannatanu v\u00f5is teha t\u00fcdrukute suunal seksuaalse sisuga m\u00e4rkusi ning puudutas \u00fchte neidu, kuid uurimine tuvastas, et h\u00e4dakaitset antud juhtumis ei esinenud.<\/p>\n<p>Otsus ei ole j\u00f5ustunud.<\/p>\n","protected":false},"excerpt":{"rendered":"Tartu maakohus m\u00f5istis 17-aastase ja 16-aastase neiu ning 17-aastase noormehe s\u00fc\u00fcdi teise inimese tapmises, mis on toime pandud&hellip;\n","protected":false},"author":2,"featured_media":193846,"comment_status":"","ping_status":"","sticky":false,"template":"","format":"standard","meta":{"footnotes":"","_share_on_mastodon":"0"},"categories":[12],"tags":[26,27,37,33,35,34,36,31,32,21,28,29,2052,19,25,4951,23,24,22,20,30],"class_list":["post-193845","post","type-post","status-publish","format-standard","has-post-thumbnail","category-eesti","tag-breaking-news","tag-breakingnews","tag-ee","tag-eesti","tag-eesti-keel","tag-estonia","tag-estonian","tag-featured-news","tag-featurednews","tag-headlines","tag-latest-news","tag-latestnews","tag-morv","tag-news","tag-populaarseimad-lood","tag-tartu-maakohus","tag-top-stories","tag-topstories","tag-uldised-uudised","tag-uudised","tag-viimased-uudised"],"share_on_mastodon":{"url":"https:\/\/pubeurope.com\/@ee\/116681646026913111","error":""},"_links":{"self":[{"href":"https:\/\/www.europesays.com\/ee\/wp-json\/wp\/v2\/posts\/193845","targetHints":{"allow":["GET"]}}],"collection":[{"href":"https:\/\/www.europesays.com\/ee\/wp-json\/wp\/v2\/posts"}],"about":[{"href":"https:\/\/www.europesays.com\/ee\/wp-json\/wp\/v2\/types\/post"}],"author":[{"embeddable":true,"href":"https:\/\/www.europesays.com\/ee\/wp-json\/wp\/v2\/users\/2"}],"replies":[{"embeddable":true,"href":"https:\/\/www.europesays.com\/ee\/wp-json\/wp\/v2\/comments?post=193845"}],"version-history":[{"count":0,"href":"https:\/\/www.europesays.com\/ee\/wp-json\/wp\/v2\/posts\/193845\/revisions"}],"wp:featuredmedia":[{"embeddable":true,"href":"https:\/\/www.europesays.com\/ee\/wp-json\/wp\/v2\/media\/193846"}],"wp:attachment":[{"href":"https:\/\/www.europesays.com\/ee\/wp-json\/wp\/v2\/media?parent=193845"}],"wp:term":[{"taxonomy":"category","embeddable":true,"href":"https:\/\/www.europesays.com\/ee\/wp-json\/wp\/v2\/categories?post=193845"},{"taxonomy":"post_tag","embeddable":true,"href":"https:\/\/www.europesays.com\/ee\/wp-json\/wp\/v2\/tags?post=193845"}],"curies":[{"name":"wp","href":"https:\/\/api.w.org\/{rel}","templated":true}]}}