{"id":193892,"date":"2026-06-02T18:29:12","date_gmt":"2026-06-02T18:29:12","guid":{"rendered":"https:\/\/www.europesays.com\/ee\/193892\/"},"modified":"2026-06-02T18:29:12","modified_gmt":"2026-06-02T18:29:12","slug":"talviku-katkestas-mm-etapil-tehniliste-probleemide-tottu-molemad-soidud-motosport","status":"publish","type":"post","link":"https:\/\/www.europesays.com\/ee\/193892\/","title":{"rendered":"Talviku katkestas MM-etapil tehniliste probleemide t\u00f5ttu m\u00f5lemad s\u00f5idud | Motosport"},"content":{"rendered":"<p>Motokrossi maailmameistriv\u00f5istluste seitsmes etapp s\u00f5ideti sel n\u00e4dalavahetusel Saksamaal Teutschenthali krossirajal. Stardis oli seal ka J\u00f6rgen-Matthias Talviku, kuid keerulistes oludes toimunud etapil ei pidanud Talviku tsikkel kummaski s\u00f5idus l\u00f5puni vastu ja tal j\u00e4i hea tulemus vormistamata. EMX250 klassis tuli Sebastian Leok 26. kohale ja Richard Paat 31. kohale.<\/p>\n<p>MXGP klassis oli kohale tulnud \u00fcle 40 v\u00f5istleja ja seet\u00f5ttu jagati v\u00f5istlejad ajas\u00f5itudeks kahte gruppi. Esimeses grupis olid tehasemeeskondade s\u00f5itjad ja teises grupis tulid rajale Wild Card s\u00f5itjad. J\u00f6rgen-Matthias Talviku suutis Wild Card grupis v\u00e4lja s\u00f5ita seitsmenda ringiaja (1:54.139) ja see andis talle kvalifikatsioonis\u00f5iduks 27. stardikoha. Parima ringiaja s\u00f5itis v\u00e4lja p\u00f5higrupis sloveren Tim Gajser (1.46.398), vahendab Msport.ee.<\/p>\n<p>Kvalifikatsioonis\u00f5idus oli Talvikul \u00fcsna kehv stardikoht ja sealt head starti teha oli v\u00e4ga keeruline. Esimeselt ringilt tuligi Talviku tagasi 26. kohal ja seal kandis liikuski ta kogu s\u00f5idu jooksul ning fini\u0161isse j\u00f5udis J\u00f6rgen-Matthias 24. kohal. Esikoha eest v\u00f5itlesid Romain Febvre (Prantsusmaa) ja Tim Gajser. Rada pakkus m\u00f6\u00f6dumiseks v\u00e4he v\u00f5imalusi ja kuigi Gajser tundis pidevalt kiirem, siis Febvre v\u00f5ttis siiski esikoha. Kolmandana l\u00f5petas s\u00f5idu Lucas Coenen (Belgia) ja neljandana Jeffrey Herlings (Holland).<\/p>\n<p>Esimeses v\u00f5istluss\u00f5idus tegi Talviku \u00fcsna hea stardi ja ta oli avaringil punktikoha piiril. Ta liikus s\u00f5idus esimeses pooles rajal v\u00e4ga h\u00e4sti ja ta hoidis pikka aega 18. kohta enda k\u00e4es. Kahjuks l\u00f5ppes ilus s\u00f5it 11. ringil, kui Talviku oli sunnitud tehnilise rikke t\u00f5ttu katkestama. Esikoha v\u00f5ttis s\u00f5itu algusest kuni l\u00f5puni juhtinud Coenen, teine oli Gajser ja kolmas Ruben Fernandez (Hispaania).<\/p>\n<p>Teises s\u00f5idus eba\u00f5nnestus Talviku s\u00f5idu algus kukkumise t\u00f5ttu ja avaringide j\u00e4rel oli ta viimaste hulgas. Kahjuks ei tulnudki s\u00f5idust midagi v\u00e4lja, sest Talviku katkestas s\u00f5idu 30. koha pealt taas tehnilise rikke t\u00f5ttu. S\u00f5itu juhtis taas algusest kuni l\u00f5puni Coenen, teisena tuli fini\u0161isse Herlings ja kolmandana Andrea Adamo (Itaalia).<\/p>\n<p>Etapi kokkuv\u00f5ttes teenis esikoha 50 punktiga Coenen, teine oli 34 punktiga Adamo ja kolmas 34 punktiga Fernandez. Talvikule l\u00e4ks kirja 36. koht. Kokkuv\u00f5ttes asub Talviku viie punktiga 30. kohal. Liider on 344 punktiga Coenen, teisel kohal asub 313 punktiga Herlings ja kolmandal kohal 263 punktiga Febvre.<\/p>\n<p>MX2 klassis teenis elu esimese etapiv\u00f5idu prantslane Mathys Valin (47 punkti), kes oli s\u00f5itudes teine ja esimene. Teise koha sai samade punktidega Coene ja kolmanda koha 35 punktiga Camden Mc Lellan (L\u00f5una Aafrika Vabariik).<\/p>\n<p>EMX 250 klassi jaoks oli Saksamaa etapp sel hooajal viiendaks. Teutschenthali krossirajale oli euroopa parimatega m\u00f5\u00f5tu l\u00e4inud v\u00f5tma kaks eestlast. Kogu sarja kaasa tegev Sebastian Leok ja lisaks talle Richard Paat. Paat kuulus ajas\u00f5itudes A-gruppi. Vabatreening tal k\u00f5ige paremini just ei l\u00e4inud, kuid ajas\u00f5idus suutis Paat oma grupis v\u00e4lja s\u00f5ita 14. ringiaja (1.57,046) ja sellega oli p\u00e4\u00e4s p\u00f5his\u00f5itudesse kindlustatud. A-grupi kiireim oli sarja liider hispaanlane Francisco Garcia (1.53,247).<\/p>\n<p>B-grupis tuli rajale Sebastian Leok, kes esmalt vabatreeningul s\u00f5itis v\u00e4lja kolmeteistk\u00fcmnenda ringiaja. Ajas\u00f5idus suutis Leok aga kokku panna v\u00e4ga hea ringi ja ajaga 1.54,103 oli Sebastian kuues. Parima aja s\u00f5itis v\u00e4lja Leoki meeskonnakaaslane taanlane Nicolai Skovbjerg.<\/p>\n<p>Esimese v\u00f5istluss\u00f5idu stardis tabas korralik eba\u00f5nn Leokit. Tema k\u00f5rvalt startinud s\u00f5itja kukkus stardisirgel ja konkurendi tsikkel j\u00e4i Leoki tsikli k\u00fclge kinni ning eestlane pidi seisma j\u00e4\u00e4ma, et ennast vabastada. Ka Paat tegi kehva stardi ja nii olid meie s\u00f5itjad avaringi j\u00e4rel viimaste seas ning lootused k\u00f5rgetele kohtadele olid kadunud, kuna Saksamaa rajal on m\u00f6\u00f6das\u00f5ite v\u00e4ga keeruline teha. Leok pani k\u00f5ik m\u00e4ngu, et punktikohta p\u00fc\u00fcda ja kaks ringi enne s\u00f5idu l\u00f5ppu suutis ta t\u00f5usta juba 21. kohale ja ka punktikoht polnud \u00fcldse kaugel. Leok suutiski viimastel ringidel veel positsiooni parandana ja ta tuli fini\u0161isse 19. kohal. Paat sellist t\u00f5usu teha ei suutnud ja l\u00f5petas s\u00f5idu 29. kohal. Esikoha teenis taanlane Mads Fredsoe, teine oli hollandlane Gyan Doensen ja kolmas Liam Owens (Austraalia).<\/p>\n<p>P\u00fchap\u00e4eva hommikul toimunud teise v\u00f5istluss\u00f5idu ajaks oli taevataat vihmaluugid avanud ja s\u00f5itjatel tuli \u00fcsna keerulistes oludes rajale minna. Meie s\u00f5itjatest alustas paremini Leok, kes esimest vaheajast tuli l\u00e4bi 18. kohal, Paat oli samal ajal 30. koha piirimail. Avaring ei \u00f5nnestunud meie meestel k\u00f5ige paremini. Leok langes 23. kohale ja Paat viimaseks 40. kohale. Leok liikuski seej\u00e4rel pikalt 25. koha piirimail kuni ta \u00fcheksandal ringil oli sunnitud s\u00f5idu pooleli j\u00e4tma. Paat v\u00f5itles \u00fclirasketes oludes vapralt l\u00f5puni ja suutis fini\u0161isse tulla 26. kohal. Kindla esikoha v\u00f5ttis sarja liider Garcia, teine oli Jake Cannon (Austraalia) ja kolmas Lyonel Reichl (Liechtenstein).<\/p>\n<p>Etapi kokkuv\u00f5ttes teenis Leok kahe punktiga 26. koha ja Paat punkte ei teeninud ning sai kirja 31. koha. Etapiv\u00f5it kuulus 40 punktiga Cannonile, teine oli 38 punktiga Doensen ja kolmas 33 punktiga Nicolo Alvisi (Itaalia). \u00dcldkokkuv\u00f5ttes on Leok 58 punktiga 18. kohal. Liidrina j\u00e4tkab Garcia (202 punkti), teisel kohal on 172 punktiga tema meeskonnakaaslane Cannon ja kolmandal kohal 158 punktiga Skovbjerg.<\/p>\n<p>Motokrossi maailmameistriv\u00f5istlused ja EMX125 ning EMX250 klasside Euroopa meistriv\u00f5istlusted j\u00e4tkuvad juba j\u00e4rgmisel n\u00e4dalavahetusel L\u00e4tis Kegumsi krossirajal.<\/p>\n","protected":false},"excerpt":{"rendered":"Motokrossi maailmameistriv\u00f5istluste seitsmes etapp s\u00f5ideti sel n\u00e4dalavahetusel Saksamaal Teutschenthali krossirajal. Stardis oli seal ka J\u00f6rgen-Matthias Talviku, kuid keerulistes&hellip;\n","protected":false},"author":2,"featured_media":193893,"comment_status":"","ping_status":"","sticky":false,"template":"","format":"standard","meta":{"footnotes":"","_share_on_mastodon":"0"},"categories":[18],"tags":[37,33,35,34,36,7535,82526,82527,67507,159,158],"class_list":["post-193892","post","type-post","status-publish","format-standard","has-post-thumbnail","category-sport","tag-ee","tag-eesti","tag-eesti-keel","tag-estonia","tag-estonian","tag-jorgen-matthias-talviku","tag-mxgp","tag-richard-paat","tag-sebastian-leok","tag-sport","tag-sports"],"share_on_mastodon":{"url":"https:\/\/pubeurope.com\/@ee\/116681937119012537","error":""},"_links":{"self":[{"href":"https:\/\/www.europesays.com\/ee\/wp-json\/wp\/v2\/posts\/193892","targetHints":{"allow":["GET"]}}],"collection":[{"href":"https:\/\/www.europesays.com\/ee\/wp-json\/wp\/v2\/posts"}],"about":[{"href":"https:\/\/www.europesays.com\/ee\/wp-json\/wp\/v2\/types\/post"}],"author":[{"embeddable":true,"href":"https:\/\/www.europesays.com\/ee\/wp-json\/wp\/v2\/users\/2"}],"replies":[{"embeddable":true,"href":"https:\/\/www.europesays.com\/ee\/wp-json\/wp\/v2\/comments?post=193892"}],"version-history":[{"count":0,"href":"https:\/\/www.europesays.com\/ee\/wp-json\/wp\/v2\/posts\/193892\/revisions"}],"wp:featuredmedia":[{"embeddable":true,"href":"https:\/\/www.europesays.com\/ee\/wp-json\/wp\/v2\/media\/193893"}],"wp:attachment":[{"href":"https:\/\/www.europesays.com\/ee\/wp-json\/wp\/v2\/media?parent=193892"}],"wp:term":[{"taxonomy":"category","embeddable":true,"href":"https:\/\/www.europesays.com\/ee\/wp-json\/wp\/v2\/categories?post=193892"},{"taxonomy":"post_tag","embeddable":true,"href":"https:\/\/www.europesays.com\/ee\/wp-json\/wp\/v2\/tags?post=193892"}],"curies":[{"name":"wp","href":"https:\/\/api.w.org\/{rel}","templated":true}]}}