{"id":194034,"date":"2026-06-03T00:33:07","date_gmt":"2026-06-03T00:33:07","guid":{"rendered":"https:\/\/www.europesays.com\/ee\/194034\/"},"modified":"2026-06-03T00:33:07","modified_gmt":"2026-06-03T00:33:07","slug":"maailm-ootab-kolme-tehnoloogiasektori-mega-ipot-majandus","status":"publish","type":"post","link":"https:\/\/www.europesays.com\/ee\/194034\/","title":{"rendered":"Maailm ootab kolme tehnoloogiasektori mega-IPOt &#8211; Majandus"},"content":{"rendered":"<ol>\n<li><a href=\"https:\/\/news.google.com\/rss\/articles\/CBMijgFBVV95cUxOWDRMS0c5RHdXbXp4S3BHZzA5ajAxeU5JclpfRUFrQ0E1S3R1bnl2cUpjYmkzUkdVMU9UMW5iRG9hYWl5bVNWRWFtU0cwMnplMTNVbGw0NTBkVnFtQzN6eFFvTXExY2EyT2ZBdk9VWUNiY3dWY2NHdzI4Z3dwWEo1NHF4bUhEdXhmUTFlWmdR?oc=5\" target=\"_blank\" rel=\"nofollow noopener\">Maailm ootab kolme tehnoloogiasektori mega-IPOt<\/a>&nbsp;&nbsp;Majandus<\/li>\n<li><a href=\"https:\/\/news.google.com\/rss\/articles\/CBMizgFBVV95cUxNeWNtd2FibVlXWlUyS3lheUpCanBsX25rR3AwRzA2bTJvNFdDZmIzd1pvNTFGTjZub25TR0tlUUc0RUE0ZmVWd09ETlI2eW94dXZfSkRYZERnNkNmczVUY1F5Y3d2a29wNDRqUFg0SmpKWVY4Ym00VFg5UEd1N2ROV21LeDV3c251ZlhYdzAweTBqWEpTV1dHZWpEQnpsdjc0YjB4YjdkNm1STEdaV3lHb0tScHRyOXBHcS1VRjN0LTBaVEhGQmR5OFpCWU1rUQ?oc=5\" target=\"_blank\" rel=\"nofollow noopener\">SpaceX\u2019i buum kergitab kosmoseaktsiad rekordtasemele: isegi kahjumis ettev\u00f5tted rallivad<\/a>&nbsp;&nbsp;\u00c4rip\u00e4ev<\/li>\n<li><a href=\"https:\/\/news.google.com\/rss\/articles\/CBMiP0FVX3lxTFA2cFBiYWZ5dTlUa3RMaFpEY0FWUEhySzVoM1RNR1RYQjAzRzBhTGR4SlEwR2F5YlN5cXFNWnBacw?oc=5\" target=\"_blank\" rel=\"nofollow noopener\">Musk sihib SpaceX-i b\u00f6rsideb\u00fc\u00fcdiga kosmilist 1,75 triljoni dollarilist v\u00e4\u00e4rtust<\/a>&nbsp;&nbsp;Uudis.net<\/li>\n<li><a href=\"https:\/\/news.google.com\/rss\/articles\/CBMiyAFBVV95cUxQZWNoTlIwWEIyOWU1VThjdldpeWV2VzlpeE9PQnQ2VTNDYnUzdm5YV3VJVTNzNk1LRl9uVFN5RVlQbS00SUVNc3owSXFPMnFLVVpWTzRaZmlmeXVMS3o5Ykh4Q2RjOHBrZmNaMERRMlBVYlh4RjU3VmNqTHFXaWE0UndVZmpReGhEQ1VJN3R3QnhJVTBmeEFSOFlaemxSemJUNVRLUHZMY1REdWUydUl5WTlSdm56Q0h6a0R5MC1uMGNvTVJkaTYwZQ?oc=5\" target=\"_blank\" rel=\"nofollow noopener\">Ulmelised plaanid. Elon Musk tahab saata miljon inimest Marsile ja kiirendada lennureise<\/a>&nbsp;&nbsp;\u00c4rileht<\/li>\n<li><a href=\"https:\/\/news.google.com\/rss\/articles\/CBMipAFBVV95cUxPVWlGYXZ1WlNFSmtLVnI3aE1xZW9uR2VhZVZyYVFXeHdfT0dENGNUdXRIVUVkejFUeUdwb0pyUGxlVGxXamRqOUgwbmN3TV9yaURfcGREdFRpQkR4MFktMnJwc3hrM1hzcGY4dUFOQVNuSU43cGVhRFhXcmdtaTVkWFYxZFFJLWNVTWxCWmRudl9EMVpQekh3YWJRVzlSVnAzM0VCeQ?oc=5\" target=\"_blank\" rel=\"nofollow noopener\">Grayscale: SpaceX-ist saab t\u00f5en\u00e4oliselt suurim bitcoini omav b\u00f6rsiettev\u00f5te<\/a>&nbsp;&nbsp;Bitcoin News<\/li>\n<\/ol>\n","protected":false},"excerpt":{"rendered":"Maailm ootab kolme tehnoloogiasektori mega-IPOt&nbsp;&nbsp;Majandus SpaceX\u2019i buum kergitab kosmoseaktsiad rekordtasemele: isegi kahjumis ettev\u00f5tted rallivad&nbsp;&nbsp;\u00c4rip\u00e4ev Musk sihib SpaceX-i b\u00f6rsideb\u00fc\u00fcdiga&hellip;\n","protected":false},"author":2,"featured_media":194035,"comment_status":"","ping_status":"","sticky":false,"template":"","format":"standard","meta":{"footnotes":"","_share_on_mastodon":"0"},"categories":[14],"tags":[78909,7582,131,130,37,33,35,846,34,36,22926,2358,2359,28922,814,23271],"class_list":["post-194034","post","type-post","status-publish","format-standard","has-post-thumbnail","category-ari","tag-aktsiate-esmane-avalik-pakkumine","tag-anthropic","tag-ari","tag-business","tag-ee","tag-eesti","tag-eesti-keel","tag-elon-musk","tag-estonia","tag-estonian","tag-jaan-tallinn","tag-openai","tag-sam-altman","tag-spacex","tag-tehisaru","tag-tehnoloogiasektor"],"share_on_mastodon":{"url":"https:\/\/pubeurope.com\/@ee\/116683368396474952","error":""},"_links":{"self":[{"href":"https:\/\/www.europesays.com\/ee\/wp-json\/wp\/v2\/posts\/194034","targetHints":{"allow":["GET"]}}],"collection":[{"href":"https:\/\/www.europesays.com\/ee\/wp-json\/wp\/v2\/posts"}],"about":[{"href":"https:\/\/www.europesays.com\/ee\/wp-json\/wp\/v2\/types\/post"}],"author":[{"embeddable":true,"href":"https:\/\/www.europesays.com\/ee\/wp-json\/wp\/v2\/users\/2"}],"replies":[{"embeddable":true,"href":"https:\/\/www.europesays.com\/ee\/wp-json\/wp\/v2\/comments?post=194034"}],"version-history":[{"count":0,"href":"https:\/\/www.europesays.com\/ee\/wp-json\/wp\/v2\/posts\/194034\/revisions"}],"wp:featuredmedia":[{"embeddable":true,"href":"https:\/\/www.europesays.com\/ee\/wp-json\/wp\/v2\/media\/194035"}],"wp:attachment":[{"href":"https:\/\/www.europesays.com\/ee\/wp-json\/wp\/v2\/media?parent=194034"}],"wp:term":[{"taxonomy":"category","embeddable":true,"href":"https:\/\/www.europesays.com\/ee\/wp-json\/wp\/v2\/categories?post=194034"},{"taxonomy":"post_tag","embeddable":true,"href":"https:\/\/www.europesays.com\/ee\/wp-json\/wp\/v2\/tags?post=194034"}],"curies":[{"name":"wp","href":"https:\/\/api.w.org\/{rel}","templated":true}]}}