{"id":194220,"date":"2026-06-03T08:17:16","date_gmt":"2026-06-03T08:17:16","guid":{"rendered":"https:\/\/www.europesays.com\/ee\/194220\/"},"modified":"2026-06-03T08:17:16","modified_gmt":"2026-06-03T08:17:16","slug":"ukraina-rundas-moskvat-peterburi-ja-strateegilist-sojatehast-tambovis-valismaa","status":"publish","type":"post","link":"https:\/\/www.europesays.com\/ee\/194220\/","title":{"rendered":"Ukraina r\u00fcndas Moskvat, Peterburi ja strateegilist s\u00f5jatehast Tambovis | V\u00e4lismaa"},"content":{"rendered":"<p>Oluline Venemaa-Ukraina s\u00f5jas kolmap\u00e4eval, 3. juunil kell 7.55:<\/p>\n<p><a href=\"#tambov\">&#8211; Ukraina r\u00fcndas strateegilist s\u00f5jatehast Tambovi oblastis;<\/a><\/p>\n<p><a href=\"#moskva\">&#8211; Droonir\u00fcnnak Moskvale;<\/a><\/p>\n<p><a href=\"#peterburi\">&#8211; R\u00fcnnak tabas ka Peterburi naftaterminali;<\/a><\/p>\n<p><a href=\"#zele\">&#8211; Zelenski: Ukraina valmistub r\u00fcndama Vene raketitootmist;<\/a><\/p>\n<p><a href=\"#kaotused\">&#8211; Ukraina andmetel kaotas Venemaa \u00f6\u00f6p\u00e4evaga 1130 s\u00f5durit.<\/a><\/p>\n<p><a id=\"tambov\"\/>Ukraina r\u00fcndas strateegilist s\u00f5jatehast Tambovi oblastis<\/p>\n<p>Venemaa \u00fcks suurim kaitset\u00f6\u00f6stuse ettev\u00f5te, Tambovi oblastis Mit\u0161urinskis asuv tehas Progress sattus \u00f6\u00f6l vastu kolmap\u00e4eva Ukraina droonide sihtm\u00e4rgiks, selgus sotsiaalmeediapostitustest. Tehases puhkes p\u00e4rast tabamusi tulekahju.<\/p>\n<p>Pealtn\u00e4gijate j\u00e4\u00e4dvustatud videokaadrites Progressi tabanud r\u00fcnnakust on kuulda lendavate droonide heli, millele j\u00e4rgnesid plahvatused ja seej\u00e4rel tulekahju.<\/p>\n<blockquote class=\"twitter-tweet\">\n<p lang=\"ru\" dir=\"ltr\">\u041f\u043e\u0441\u0435\u043b\u0435\u043d\u0438\u0435 \u043e\u0440\u043a\u043e\u0432 \u041c\u0438\u0447\u0443\u0440\u0438\u043d\u0441\u043a, \u0422\u0430\u043c\u0431\u043e\u0432\u0441\u043a\u0430\u044f \u043e\u0431\u043b\u0430\u0441\u0442\u044c. \u041f\u0440\u0438\u043b\u0435\u0442\u044b \u043f\u043e \u0437\u0430\u0432\u043e\u0434\u0443 &#8220;\u041f\u0440\u043e\u0433\u0440\u0435\u0441\u0441&#8221; <a href=\"https:\/\/t.co\/xZL3wqiHur\" rel=\"nofollow\">pic.twitter.com\/xZL3wqiHur<\/a><\/p>\n<p>\u2014 \u0440\u0430\u0441\u043f\u0430\u0434 \u0438 \u043d\u0435\u0443\u0432\u0430\u0436\u0435\u043d\u0438\u0435 (@VictorKvert2008) <a href=\"https:\/\/x.com\/VictorKvert2008\/status\/2061988308767351198?ref_src=twsrc%5Etfw\" rel=\"nofollow\">June 3, 2026<\/a><\/p><\/blockquote>\n<p>Progress on \u00fcks Tambovi oblasti suurimaid t\u00f6\u00f6stusettev\u00f5tteid, see toodab seadmeid lennukitele ja raketijuhtimiss\u00fcsteemidele ning ka tsiviiltooteid, sealhulgas elektriseadmeid ja tooteid nafta- ja gaasit\u00f6\u00f6stusele.<\/p>\n<p>Tehast on tabanud Ukraina \u00f5hur\u00fcnnakud ka t\u00e4navu veebruaris, eelmise aasta juunis ja 2024. aasta detsembris.<\/p>\n<p><a id=\"moskva\"\/>Droonir\u00fcnnak Moskvale<\/p>\n<p>Droonir\u00fcnnakutest teatati \u00f6\u00f6l vastu kolmap\u00e4eva ka Venemaa pealinnas Moskvas. Linnapea Sergei Sobjanin raporteeris \u00f6\u00f6 jooksul korduvalt pealinna suunas lendavate mehitamata \u00f5hus\u00f5idukite t\u00f5rjumisest.<\/p>\n<p>&#8220;Kaitseministeeriumi \u00f5hut\u00f5rje h\u00e4vitas kaheksa Moskva suunas lendavat mehitamata \u00f5hus\u00f5idukit. H\u00e4daabiteenistused t\u00f6\u00f6tavad \u00f5nnetuspaigal,&#8221; kirjutas ta umbes kell \u00fcks \u00f6\u00f6sel, millele j\u00e4rgnes mitu sarnast teadet.<\/p>\n<p>Pisut enne kella nelja teatas ta 13. drooni mahav\u00f5tmisest Vene \u00f5hut\u00f5rje poolt.<\/p>\n<p><a id=\"peterburi\"\/>R\u00fcnnak tabas ka Peterburi naftaterminal<\/p>\n<p>Sotsiaalmeedias levivad ka teated ja fotod Peterburi naftaterminali sattumisest Ukraina r\u00fcnnaku alla.<\/p>\n<blockquote class=\"twitter-tweet\">\n<p lang=\"en\" dir=\"ltr\">St Petersburg: the St Petersburg oil terminal has been attacked. <a href=\"https:\/\/t.co\/MwDOvm49bD\" rel=\"nofollow\">pic.twitter.com\/MwDOvm49bD<\/a><\/p>\n<p>\u2014 Exilenova+ (@Exilenova_plus) <a href=\"https:\/\/x.com\/Exilenova_plus\/status\/2061995035105878093?ref_src=twsrc%5Etfw\" rel=\"nofollow\">June 3, 2026<\/a><\/p><\/blockquote>\n<p>\u00dchismeediasse postitatud fotodel on n\u00e4ha, kuidas terminalist t\u00f5useb suitsu.<\/p>\n<p>Peterburi \u00fcmbritseva Leningradi oblasti kuberner Aleksandr Drozdenko \u00fctles kolmap\u00e4eva hommikul sotsiaalmeedias, et oblasti kohal alla tulistatud droonide arv on t\u00f5usnud 50-ni. Lahinguoperatsioonid j\u00e4tkuvad, lisas kuberner.<\/p>\n<blockquote class=\"twitter-tweet\">\n<p lang=\"en\" dir=\"ltr\">Moment yet another Ukrainian drone slams into St. Petersburg oil terminal this morning as they have broken through Russian air defenses. <a href=\"https:\/\/t.co\/u3SlGRHy7L\" rel=\"nofollow\">https:\/\/t.co\/u3SlGRHy7L<\/a> <a href=\"https:\/\/t.co\/OexuSsh9G5\" rel=\"nofollow\">pic.twitter.com\/OexuSsh9G5<\/a><\/p>\n<p>\u2014 Woofers (@NotWoofers) <a href=\"https:\/\/x.com\/NotWoofers\/status\/2062005437122105394?ref_src=twsrc%5Etfw\" rel=\"nofollow\">June 3, 2026<\/a><\/p><\/blockquote>\n<p>Varem olid v\u00f5imud teatanud, et Leningradi oblasti kohal h\u00e4vitati 30 mehitamata \u00f5hus\u00f5idukit.<\/p>\n<blockquote class=\"twitter-tweet\" data-media-max-width=\"560\">\n<p lang=\"en\" dir=\"ltr\">St. Petersburg is giving guests of the economic forum a very warm welcome<\/p>\n<p>While participants at the St. Petersburg International Economic Forum prepare to hear about the triumphs of the Russian economy, local residents were awakened by explosions and thick smoke rising over\u2026 <a href=\"https:\/\/t.co\/hCAYsAiTxQ\" rel=\"nofollow\">pic.twitter.com\/hCAYsAiTxQ<\/a><\/p>\n<p>\u2014 NEXTA (@nexta_tv) <a href=\"https:\/\/x.com\/nexta_tv\/status\/2062031551148224851?ref_src=twsrc%5Etfw\" rel=\"nofollow\">June 3, 2026<\/a><\/p><\/blockquote>\n<p>Peterburi Pulkovo lennujaam suleti ning v\u00f5imud hoiatasid, et Leningradi oblasti \u00f5huruumi kasutamise piirangute t\u00f5ttu v\u00f5ivad Kaliningradi Hrabrovo lennujaama lennuplaanid muutuda.<\/p>\n<p>Leningradi oblastis asuvad Venemaa energiaekspordi jaoks olulised naftasadamad ja suur naftat\u00f6\u00f6tlemistehas.<\/p>\n<p>Kolmap\u00e4eval peaks Peterburis algama suur majanduskonverents, mida on nimetatud ka &#8220;Vene Davosiks&#8221; selles \u0160veitsis m\u00e4gikuurordis toimuva iga-aastase maailma liidrite kokkutuleku j\u00e4rgi.<\/p>\n<p>Investeerimisfoorum, mis on viies p\u00e4rast seda, kui Venemaa alustas 2022. aastal Ukraina vastu t\u00e4iemahulist agressioonis\u00f5da, peaks algama p\u00e4ev p\u00e4rast Venemaa korraldatud ohvriterohket \u00f5hur\u00fcnnakut Ukraina linnade vastu, milles hukkus 23 ja sai viga v\u00e4hemalt 130 inimest.<\/p>\n<p>\u00d6\u00f6l vastu kolmap\u00e4eva andis Eesti kaitsev\u00e4gi L\u00f5una-Eesti elanikele drooniohu hoiatuse, mis t\u00e4hendab, et idapiiri taga liikunud droonid v\u00f5isid sattuda ka Eesti \u00f5huruumi.<\/p>\n<p><a id=\"zele\"\/>Zelenski: Ukraina valmistub r\u00fcndama Vene raketitootmist<\/p>\n<p>Ukraina valmistab ette r\u00fcnnakuid Vene ettev\u00f5tete vastu, mis on seotud rakettide tootmisega, teatas president Volod\u00f5m\u00f5r Zelenski teisip\u00e4eval tehtud iga\u00f5htuses videop\u00f6\u00f6rdumises.<\/p>\n<p>&#8220;T\u00e4na oli luure peavalitsuse (GUR) ettekanne, sealhulgas Venemaa raketitoodangust. Valmistame ette uusi vastumeetmeid. Me teame, et venelased kardavad v\u00e4ga meie Ukraina raketiv\u00f5imeid,&#8221; \u00fctles ta.<\/p>\n<p>President m\u00e4rkis, et Venemaa on v\u00f5tnud \u00fcheks peamiseks sihtm\u00e4rgiks Ukraina ettev\u00f5tted, mis tegelevad rakettide arendamise ja tootmisega.<\/p>\n<p>&#8220;Me vastame,&#8221; r\u00f5hutas Zelenski.<\/p>\n<p>Ukraina president t\u00f5i ka v\u00e4lja partnerriikide tegevuse, eriti sanktsioonide olulisuse.<\/p>\n<p>&#8220;Me peame Venemaale probleeme looma, et tal oleks raskem teiste elu rikkuda. T\u00f6\u00f6tame praegu aktiivselt Euroopa Liiduga 21. sanktsioonipaketi kallal ja loodame, et meie Ukraina sanktsioonide ettepanekud on t\u00f5husad,&#8221; \u00fctles Zelenski videop\u00f6\u00f6rumises.<\/p>\n<p>&#8220;Vajame rohkem vahendeid sanktsioonidest k\u00f5rvalehoidmise v\u00e4ltimiseks. See peaks olema 21. paketti lisatud \u2013 k\u00f5ik, mis piirab Venemaa s\u00f5jalist tootmist,&#8221; \u00fctles ta.<\/p>\n<p>President r\u00f5hutas ka, kui oluline on t\u00f6\u00f6tada selle nimel, et Ukrainal oleks \u00f5hukaitseks vajalikud raketid ja s\u00fcsteemid, elut\u00e4htis luure ja muu, mis aitaks elusid p\u00e4\u00e4sta.<\/p>\n<p>Ta teatas ka aktiivsetest diplomaatilistest pingutustest selles valdkonnas j\u00e4rgmiseks kuuks.<\/p>\n<p>&#8220;On selge, et Euroopa vajab omale ballistiliste rakettide vastast s\u00fcsteemi, sellist, millel on piisav v\u00f5imsus tagada kaitse iga ohu eest. Selle tulemuse saavutamiseks toimuvad l\u00e4bir\u00e4\u00e4kimised ja kohtumised. T\u00e4na kiitsin heaks juunikuu diplomaatiliste \u00fcrituste vastava ajakava, me t\u00f6\u00f6tame aktiivselt,&#8221; \u00fctles Zelenski.<\/p>\n<p>President m\u00e4rkis, et Venemaa ei saa rakette toota v\u00e4lisriikidest imporditud komponentideta ning s\u00fc\u00fcdistas importijaid ning k\u00f5iki, kes aitavad Venemaal sanktsioonidest k\u00f5rvale hiilida, ukrainlaste tapmises osalemises.<\/p>\n<p>Zelenski v\u00e4ljendas ka kahetsust, et Ukraina \u00f5hukaitse varustustase ei v\u00f5imalda k\u00f5iki Vene rakette alla tulistada.<\/p>\n<p>Venemaa korraldas \u00f6\u00f6l vastu teisip\u00e4eva suure \u00f5hur\u00fcnnaku Ukraina linnadele. Dnipro linnas sai Vene r\u00fcnnakutes surma 16 inimest, nende seas kaks last, ja veel 42 vigastada. Kiievis hukkus kuus ja sai vigastada 90 inimest.<\/p>\n<p><a id=\"kaotused\"\/>Ukraina andmetel kaotas Venemaa \u00f6\u00f6p\u00e4evaga 1130 s\u00f5durit<\/p>\n<p>Ukraina relvaj\u00f5udude kolmap\u00e4eval esitatud hinnang Vene v\u00e4gede senistele kaotustele alates Venemaa t\u00e4ieulatusliku s\u00f5jalise kallaletungi algusest 2022. aasta 24. veebruaril:<\/p>\n<p>&#8211; elavj\u00f5ud umbes 1 368 040\u00a0(+1130)<\/p>\n<p>&#8211; tankid 11 974 (+5)<\/p>\n<p>&#8211; jalav\u00e4e lahingumasinad \u00a024 673 (+7);<\/p>\n<p>&#8211; suurt\u00fckis\u00fcsteemid \u00a043 172 (+60);<\/p>\n<p>&#8211; mobiilsed raketilaskes\u00fcsteemid (MLRS) 1826 (+5);<\/p>\n<p>&#8211; \u00f5hut\u00f5rjes\u00fcsteemid \u00a01403 (+3);<\/p>\n<p>&#8211; lennukid 436 (+0);<\/p>\n<p>&#8211; kopterid 353 (+0);<\/p>\n<p>&#8211; maapealsed droonis\u00fcsteemid 1548 (+6);<\/p>\n<p>&#8211; operatiivtaktikalised droonid\u00a0325 615 (+1853);<\/p>\n<p>&#8211; tiibraketid 4733 (+40);<\/p>\n<p>&#8211; laevad\/kaatrid 33 (+0);<\/p>\n<p>&#8211; allveelaevad 2 (+0);<\/p>\n<p>&#8211; autod ja muud s\u00f5idukid, sealhulgas k\u00fctuseveokid 102 575 (+437);<\/p>\n<p>&#8211; eritehnika 4245 (+4);<\/p>\n<p>Ukraina enda kaotuste kohta samasuguse regulaarsusega andmeid ei avalda ning pole ka avalikult selgitanud, millise metoodika alusel nad Vene s\u00f5jakaotusi kokku loevad.<\/p>\n<p><script async src=\"https:\/\/platform.twitter.com\/widgets.js\" charset=\"utf-8\"><\/script><\/p>\n","protected":false},"excerpt":{"rendered":"Oluline Venemaa-Ukraina s\u00f5jas kolmap\u00e4eval, 3. juunil kell 7.55: &#8211; Ukraina r\u00fcndas strateegilist s\u00f5jatehast Tambovi oblastis; &#8211; Droonir\u00fcnnak Moskvale;&hellip;\n","protected":false},"author":2,"featured_media":194221,"comment_status":"","ping_status":"","sticky":false,"template":"","format":"standard","meta":{"footnotes":"","_share_on_mastodon":"0"},"categories":[80],"tags":[26,27,37,33,35,34,36,31,32,21,28,29,95,108,19,32202,25,107,16633,23,24,18396,22,20,1935,1929,30,92,93,94],"class_list":["post-194220","post","type-post","status-publish","format-standard","has-post-thumbnail","category-maailm","tag-breaking-news","tag-breakingnews","tag-ee","tag-eesti","tag-eesti-keel","tag-estonia","tag-estonian","tag-featured-news","tag-featurednews","tag-headlines","tag-latest-news","tag-latestnews","tag-maailm","tag-moskva","tag-news","tag-peterburg","tag-populaarseimad-lood","tag-soda-ukrainas","tag-tambov","tag-top-stories","tag-topstories","tag-ukraina-ohurunnak","tag-uldised-uudised","tag-uudised","tag-vene-agressioonisoda","tag-vene-ukraina-soda","tag-viimased-uudised","tag-world","tag-world-news","tag-worldnews"],"share_on_mastodon":{"url":"https:\/\/pubeurope.com\/@ee\/116685192945866991","error":""},"_links":{"self":[{"href":"https:\/\/www.europesays.com\/ee\/wp-json\/wp\/v2\/posts\/194220","targetHints":{"allow":["GET"]}}],"collection":[{"href":"https:\/\/www.europesays.com\/ee\/wp-json\/wp\/v2\/posts"}],"about":[{"href":"https:\/\/www.europesays.com\/ee\/wp-json\/wp\/v2\/types\/post"}],"author":[{"embeddable":true,"href":"https:\/\/www.europesays.com\/ee\/wp-json\/wp\/v2\/users\/2"}],"replies":[{"embeddable":true,"href":"https:\/\/www.europesays.com\/ee\/wp-json\/wp\/v2\/comments?post=194220"}],"version-history":[{"count":0,"href":"https:\/\/www.europesays.com\/ee\/wp-json\/wp\/v2\/posts\/194220\/revisions"}],"wp:featuredmedia":[{"embeddable":true,"href":"https:\/\/www.europesays.com\/ee\/wp-json\/wp\/v2\/media\/194221"}],"wp:attachment":[{"href":"https:\/\/www.europesays.com\/ee\/wp-json\/wp\/v2\/media?parent=194220"}],"wp:term":[{"taxonomy":"category","embeddable":true,"href":"https:\/\/www.europesays.com\/ee\/wp-json\/wp\/v2\/categories?post=194220"},{"taxonomy":"post_tag","embeddable":true,"href":"https:\/\/www.europesays.com\/ee\/wp-json\/wp\/v2\/tags?post=194220"}],"curies":[{"name":"wp","href":"https:\/\/api.w.org\/{rel}","templated":true}]}}