{"id":19431,"date":"2025-10-14T13:32:07","date_gmt":"2025-10-14T13:32:07","guid":{"rendered":"https:\/\/www.europesays.com\/ee\/19431\/"},"modified":"2025-10-14T13:32:07","modified_gmt":"2025-10-14T13:32:07","slug":"erkki-koort-%e2%9f%a9-meie-esiuudis-on-et-venelased-tegutsevad-venemaal-postimees","status":"publish","type":"post","link":"https:\/\/www.europesays.com\/ee\/19431\/","title":{"rendered":"ERKKI KOORT \u27e9 Meie esiuudis on, et venelased tegutsevad Venemaal? &#8211; Postimees"},"content":{"rendered":"<ol>\n<li><a href=\"https:\/\/news.google.com\/rss\/articles\/CBMinwFBVV95cUxPUWlpbjJITFNvVXNMVEdDbkZ1R0xtVGVnS0JWUFJHaDhzR2JJNjJTOU1rTDZKNk8xU0E5amRDSnpYUFFXTHRSWGxSMDJvYTRCNFJkWmxNSTAxZUVKXzY0amdDcTloQ2FTV1dDOExKV2lMd2kwUzV4Y3NWcUxvWHJPcmQxZDNlOEx3cEdGTnU0dTVPaVluUF91N1N0aWkxVmM?oc=5\" target=\"_blank\" rel=\"nofollow noopener\">ERKKI KOORT \u27e9 Meie esiuudis on, et venelased tegutsevad Venemaal?<\/a>&nbsp;&nbsp;Postimees<\/li>\n<li><a href=\"https:\/\/news.google.com\/rss\/articles\/CBMiqwFBVV95cUxQZlBBUXBQaGotaW1BNFRYcHYxZkRzWlZQaW9ITDhuRGtPMWhCdFVDQzM4aTRJbl94MDFacWgzd3Qtb3BNekFqZnVaLUhoSlAwY0ROLXBabVN4c3VMRDVnUkpiMkZ5V3FfcEVGSHB0dzFvYVJ4WFZHcGU1OVp5eHZERmRDaGpfUGwzdlZxUXJSTkhLZWJQSHlNZVpKY1RwRkhPOEhhd2NoOC1XaGM?oc=5\" target=\"_blank\" rel=\"nofollow noopener\">ISW: Vene p\u00fcssimehed Saatse saapas viitab uuele faasile Vene-NATO vastasseisus<\/a>&nbsp;&nbsp;ERR<\/li>\n<li><a href=\"https:\/\/news.google.com\/rss\/articles\/CBMimAFBVV95cUxPeGZLN2ludFpIRGtvRXJhMXJ3S0JVZ0hXT3lDVTdtRHdFTk5OTmdidkpXZUtVamQtVHpfeVlQZXdRWnNETWduSkh3dFFqbVdQNVB5bTJRNWZiRlVLVEFEUVlad3NRbWliX2VOSU53VFluZDRQWFZQRHNDWjNrSVI0Y3R2V2d2U1JFckRTd2RGNjdDdmcwZGZyaw?oc=5\" target=\"_blank\" rel=\"nofollow noopener\">Piirivalve juht: Saatse saapa juures liikusid relvastatud grupid<\/a>&nbsp;&nbsp;ERR<\/li>\n<li><a href=\"https:\/\/news.google.com\/rss\/articles\/CBMixgFBVV95cUxNYUp6U2lKOEdZdXNSTkxLSW9iN3hvdkVhQTZhbXl2N1U5azBPZEFPcjRIN1o2S0N4dlI5a1JHSmRBWXFMT2VnaExzSGV3X0RJaV9jNGhJVkpId2VYUXF5UlM3NGNnX3F1TmlDcy1idERlREEtMzdlNVJ1WTRNbUQtQ2JMdG83NFJiQU8yb0tFQTBUa1NtRmMwYTVjMW5CRWxtd1lmMlhlQU5JUTJJSTlwR1M5VXE2OThCcXVMdnNOd2RHcUc4N2c?oc=5\" target=\"_blank\" rel=\"nofollow noopener\">Edward Lucas Saatse saapast: n\u00e4rvid on l\u00e4bi. Eesti kaotab n\u00fc\u00fcd turiste ja investeeringuid<\/a>&nbsp;&nbsp;Eesti P\u00e4evaleht<\/li>\n<li><a href=\"https:\/\/news.google.com\/rss\/articles\/CBMikgFBVV95cUxNajR3NVN0OVZleEh3d1dUeFpwNFNFZnVfcFBraXNkZ2xBREZIbWhGTVdIcHVZYUxCczllOTg1Ym9wX3hxVzZkNWhBSUxLSEZvWmxKOGVLeTU2RWI1dzlRNlEwS3dNcTN5UFJfUGRUOW53cGgyX2JoWThxbWE4cGhqR2plSkhVWlBaQlZFQS16U3JYZw?oc=5\" target=\"_blank\" rel=\"nofollow noopener\">USA m\u00f5ttekoda: piirile saadetud Vene s\u00f5durid on s\u00f5ja algfaas<\/a>&nbsp;&nbsp;eestinen<\/li>\n<\/ol>\n","protected":false},"excerpt":{"rendered":"ERKKI KOORT \u27e9 Meie esiuudis on, et venelased tegutsevad Venemaal?&nbsp;&nbsp;Postimees ISW: Vene p\u00fcssimehed Saatse saapas viitab uuele faasile&hellip;\n","protected":false},"author":2,"featured_media":19432,"comment_status":"","ping_status":"","sticky":false,"template":"","format":"standard","meta":{"footnotes":"","_share_on_mastodon":"0"},"categories":[12],"tags":[26,27,37,33,35,3778,34,36,31,32,21,1934,28,29,19,25,4262,10494,23,24,22,20,96,30,1975],"class_list":["post-19431","post","type-post","status-publish","format-standard","has-post-thumbnail","category-eesti","tag-breaking-news","tag-breakingnews","tag-ee","tag-eesti","tag-eesti-keel","tag-erkki-koort","tag-estonia","tag-estonian","tag-featured-news","tag-featurednews","tag-headlines","tag-isw","tag-latest-news","tag-latestnews","tag-news","tag-populaarseimad-lood","tag-ppa","tag-saatse","tag-top-stories","tag-topstories","tag-uldised-uudised","tag-uudised","tag-venemaa","tag-viimased-uudised","tag-vorumaa"],"share_on_mastodon":{"url":"","error":""},"_links":{"self":[{"href":"https:\/\/www.europesays.com\/ee\/wp-json\/wp\/v2\/posts\/19431","targetHints":{"allow":["GET"]}}],"collection":[{"href":"https:\/\/www.europesays.com\/ee\/wp-json\/wp\/v2\/posts"}],"about":[{"href":"https:\/\/www.europesays.com\/ee\/wp-json\/wp\/v2\/types\/post"}],"author":[{"embeddable":true,"href":"https:\/\/www.europesays.com\/ee\/wp-json\/wp\/v2\/users\/2"}],"replies":[{"embeddable":true,"href":"https:\/\/www.europesays.com\/ee\/wp-json\/wp\/v2\/comments?post=19431"}],"version-history":[{"count":0,"href":"https:\/\/www.europesays.com\/ee\/wp-json\/wp\/v2\/posts\/19431\/revisions"}],"wp:featuredmedia":[{"embeddable":true,"href":"https:\/\/www.europesays.com\/ee\/wp-json\/wp\/v2\/media\/19432"}],"wp:attachment":[{"href":"https:\/\/www.europesays.com\/ee\/wp-json\/wp\/v2\/media?parent=19431"}],"wp:term":[{"taxonomy":"category","embeddable":true,"href":"https:\/\/www.europesays.com\/ee\/wp-json\/wp\/v2\/categories?post=19431"},{"taxonomy":"post_tag","embeddable":true,"href":"https:\/\/www.europesays.com\/ee\/wp-json\/wp\/v2\/tags?post=19431"}],"curies":[{"name":"wp","href":"https:\/\/api.w.org\/{rel}","templated":true}]}}