{"id":194331,"date":"2026-06-03T10:29:07","date_gmt":"2026-06-03T10:29:07","guid":{"rendered":"https:\/\/www.europesays.com\/ee\/194331\/"},"modified":"2026-06-03T10:29:07","modified_gmt":"2026-06-03T10:29:07","slug":"latlased-tahavad-luua-uhise-lennufirma-eesti-ja-leedu-panevad-tuima","status":"publish","type":"post","link":"https:\/\/www.europesays.com\/ee\/194331\/","title":{"rendered":"L\u00e4tlased tahavad luua \u00fchise lennufirma. Eesti ja Leedu panevad tuima"},"content":{"rendered":"<p>Mudel, kus mitu riiki on \u00fche lennufirma kaasomanikud, pole iseenesest uus. Geograafiliselt l\u00e4himaks n\u00e4iteks on Skandinaavia lennufirma SAS, mille kaasomanikud olid pikalt Rootsi, Taani ja Norra. \u00d6konomistid hoiatavad siiski, et Balti riikide puhul oleks sarnase mudeli kopeerimine keeruline: raske on kokku leppida, kui palju keegi panustab ja kuidas tulu jagada.<\/p>\n<p>Arutelud \u00fchisest Balti lennufirmast on L\u00e4tis kerkinud esile ajal, mil Air Balticu tulevik on taas p\u00e4evapoliitika keskmes. Riik andis ettev\u00f5ttele 30 miljoni euro suuruse l\u00fchiajalise laenu, kuid sellest j\u00e4\u00e4b v\u00e4heks ning valitsus v\u00f5ib juba sel suvel seista silmitsi vajadusega lisarahastuse \u00fcle otsustada.<\/p>\n<p>Oled juba tellija?Logi sisse<\/p>\n<p><a href=\"https:\/\/arileht.delfi.ee\/artikkel\/120588272\/latlased-tahavad-luua-uhise-lennufirma-eesti-ja-leedu-panevad-tuima\/kommentaarid\" class=\"article-body-bottom__comment article-body-bottom__comment--write button button--primary button--size-auto\" rel=\"nofollow noopener\" target=\"_blank\"> Kommenteeri <\/a><a href=\"https:\/\/arileht.delfi.ee\/artikkel\/120588272\/latlased-tahavad-luua-uhise-lennufirma-eesti-ja-leedu-panevad-tuima\/kommentaarid\" class=\"article-body-bottom__comment article-body-bottom__comment--read button button--size-auto\" rel=\"nofollow noopener\" target=\"_blank\"> Loe kommentaare (8)<\/a><\/p>\n","protected":false},"excerpt":{"rendered":"Mudel, kus mitu riiki on \u00fche lennufirma kaasomanikud, pole iseenesest uus. Geograafiliselt l\u00e4himaks n\u00e4iteks on Skandinaavia lennufirma SAS,&hellip;\n","protected":false},"author":2,"featured_media":194332,"comment_status":"","ping_status":"","sticky":false,"template":"","format":"standard","meta":{"footnotes":"","_share_on_mastodon":"0"},"categories":[80],"tags":[1765,26,27,37,33,35,34,36,31,32,21,28,29,10214,4683,95,19,25,23,24,22,20,30,92,93,94],"class_list":["post-194331","post","type-post","status-publish","format-standard","has-post-thumbnail","category-maailm","tag-airbaltic","tag-breaking-news","tag-breakingnews","tag-ee","tag-eesti","tag-eesti-keel","tag-estonia","tag-estonian","tag-featured-news","tag-featurednews","tag-headlines","tag-latest-news","tag-latestnews","tag-lati-valitsus","tag-lufthansa","tag-maailm","tag-news","tag-populaarseimad-lood","tag-top-stories","tag-topstories","tag-uldised-uudised","tag-uudised","tag-viimased-uudised","tag-world","tag-world-news","tag-worldnews"],"share_on_mastodon":{"url":"https:\/\/pubeurope.com\/@ee\/116685712009173781","error":""},"_links":{"self":[{"href":"https:\/\/www.europesays.com\/ee\/wp-json\/wp\/v2\/posts\/194331","targetHints":{"allow":["GET"]}}],"collection":[{"href":"https:\/\/www.europesays.com\/ee\/wp-json\/wp\/v2\/posts"}],"about":[{"href":"https:\/\/www.europesays.com\/ee\/wp-json\/wp\/v2\/types\/post"}],"author":[{"embeddable":true,"href":"https:\/\/www.europesays.com\/ee\/wp-json\/wp\/v2\/users\/2"}],"replies":[{"embeddable":true,"href":"https:\/\/www.europesays.com\/ee\/wp-json\/wp\/v2\/comments?post=194331"}],"version-history":[{"count":0,"href":"https:\/\/www.europesays.com\/ee\/wp-json\/wp\/v2\/posts\/194331\/revisions"}],"wp:featuredmedia":[{"embeddable":true,"href":"https:\/\/www.europesays.com\/ee\/wp-json\/wp\/v2\/media\/194332"}],"wp:attachment":[{"href":"https:\/\/www.europesays.com\/ee\/wp-json\/wp\/v2\/media?parent=194331"}],"wp:term":[{"taxonomy":"category","embeddable":true,"href":"https:\/\/www.europesays.com\/ee\/wp-json\/wp\/v2\/categories?post=194331"},{"taxonomy":"post_tag","embeddable":true,"href":"https:\/\/www.europesays.com\/ee\/wp-json\/wp\/v2\/tags?post=194331"}],"curies":[{"name":"wp","href":"https:\/\/api.w.org\/{rel}","templated":true}]}}