{"id":194497,"date":"2026-06-03T14:07:08","date_gmt":"2026-06-03T14:07:08","guid":{"rendered":"https:\/\/www.europesays.com\/ee\/194497\/"},"modified":"2026-06-03T14:07:08","modified_gmt":"2026-06-03T14:07:08","slug":"elroni-juhatuse-esimehena-jatkab-lauri-betlem-eesti","status":"publish","type":"post","link":"https:\/\/www.europesays.com\/ee\/194497\/","title":{"rendered":"Elroni juhatuse esimehena j\u00e4tkab Lauri Betlem | Eesti"},"content":{"rendered":"<p>AS Eesti Liinirongid (Elron) juhatuse esimehena j\u00e4tkab j\u00e4rgmisel kolmel aastal senine juht Lauri Betlem. Ettev\u00f5tte n\u00f5ukogu kuulutas aprillis v\u00e4lja avaliku konkursi juhatuse esimehe leidmiseks, kuna juhatuse esimehe ametileping l\u00f5peb augustis.<\/p>\n<p>&#8220;Elroni j\u00e4rgmised aastad on Eesti rongiliikluse jaoks otsustavad: liinidele tulevad uued rongid, reisijate arv kasvab ja ootused teenuse kvaliteedile on k\u00f5rged. Lauri Betlemi j\u00e4tkamine juhatuse esimehena annab ettev\u00f5ttele vajaliku j\u00e4rjepidevuse. Riigi ootus on selge: rong peab olema usaldusv\u00e4\u00e4rne, t\u00e4pne ja mugav valik igap\u00e4evaseks liikumiseks ning Eesti piirkondade paremaks \u00fchendamiseks,&#8221; \u00fctles regionaal- ja p\u00f5llumajandusminister\u00a0Hendrik Johannes Terras.<\/p>\n<p>Kokku kandideeris Elroni juhatuse esimeheks 53 inimest, n\u00f5ukogu kohtus l\u00f5ppvalikus kolme parima kandidaadiga.<\/p>\n<p>&#8220;Konkurss oli v\u00e4ga k\u00f5rgel tasemel ning v\u00f5imekate kandidaatidega. N\u00f5ukogu pidas oluliseks kandidaatide visiooni sellest, kuidas n\u00e4hakse Elroni teenuste arengut ning liikumist eesm\u00e4rgi poole tuua mugav reisirongiteenus 20 miljoni reisijani aastaks 2035,&#8221; \u00fctles AS-i Eesti Liinirongid n\u00f5ukogu esimees\u00a0Kuldar V\u00e4\u00e4rsi.<\/p>\n<p>&#8220;Oluliseks pidas n\u00f5ukogu ka j\u00e4rjepidevust alustatud suurprojektide l\u00f5puleviimisel, sealhulgas uue depoo rajamisel ning eduka hanke l\u00e4biviimisel uue ja mugava Rail Baltica regionaalveeremi Eesti liinidele toomiseks,&#8221; lisas V\u00e4\u00e4rsi.<\/p>\n<p>AS-i Eesti Liinirongid juhatuse esimees valiti n\u00f5ukogu poolt avaliku konkursi korras. Konkurssi n\u00f5ustas personaliotsinguettev\u00f5te Fontes.<\/p>\n<p>Betlem sai Elroni juhatuse esimeheks 30. augustil 2021. Ta on varem t\u00f6\u00f6tanud Baltic Workboatsi juhatuse liikmena, Tamro Eesti O\u00dc ja Salvest AS juhatuse liikme ja tegevjuhina ning Valio Eesti AS turundusjuhina.<\/p>\n<p>Betlemil on Tartu \u00dclikooli bakalaureusekraad \u00e4riadministreerimise erialal ja magistrikraad Amsterdami Vrije \u00dclikoolist turunduse juhtimise erialal.<\/p>\n<p>Elron (AS Eesti Liinirongid) on riigile kuuluv operaatorfirma, mis korraldab AS-ile Eesti Raudtee ja AS-ile Edelaraudtee kuuluvatel raudteedel reisirongiliiklust.\u00a02025. aastal tehti Elroni rongidega 7,66 miljonit reisi.<\/p>\n","protected":false},"excerpt":{"rendered":"AS Eesti Liinirongid (Elron) juhatuse esimehena j\u00e4tkab j\u00e4rgmisel kolmel aastal senine juht Lauri Betlem. Ettev\u00f5tte n\u00f5ukogu kuulutas aprillis&hellip;\n","protected":false},"author":2,"featured_media":194498,"comment_status":"","ping_status":"","sticky":false,"template":"","format":"standard","meta":{"footnotes":"","_share_on_mastodon":"0"},"categories":[16],"tags":[37,33,35,82606,8393,173,34,36,6950,8552,39445,140],"class_list":["post-194497","post","type-post","status-publish","format-standard","has-post-thumbnail","category-meelelahutus","tag-ee","tag-eesti","tag-eesti-keel","tag-eesti-liinirongid-as","tag-elron","tag-entertainment","tag-estonia","tag-estonian","tag-hendrik-johannes-terras","tag-kuldar-vaarsi","tag-lauri-betlem","tag-meelelahutus"],"share_on_mastodon":{"url":"https:\/\/pubeurope.com\/@ee\/116686569324813475","error":""},"_links":{"self":[{"href":"https:\/\/www.europesays.com\/ee\/wp-json\/wp\/v2\/posts\/194497","targetHints":{"allow":["GET"]}}],"collection":[{"href":"https:\/\/www.europesays.com\/ee\/wp-json\/wp\/v2\/posts"}],"about":[{"href":"https:\/\/www.europesays.com\/ee\/wp-json\/wp\/v2\/types\/post"}],"author":[{"embeddable":true,"href":"https:\/\/www.europesays.com\/ee\/wp-json\/wp\/v2\/users\/2"}],"replies":[{"embeddable":true,"href":"https:\/\/www.europesays.com\/ee\/wp-json\/wp\/v2\/comments?post=194497"}],"version-history":[{"count":0,"href":"https:\/\/www.europesays.com\/ee\/wp-json\/wp\/v2\/posts\/194497\/revisions"}],"wp:featuredmedia":[{"embeddable":true,"href":"https:\/\/www.europesays.com\/ee\/wp-json\/wp\/v2\/media\/194498"}],"wp:attachment":[{"href":"https:\/\/www.europesays.com\/ee\/wp-json\/wp\/v2\/media?parent=194497"}],"wp:term":[{"taxonomy":"category","embeddable":true,"href":"https:\/\/www.europesays.com\/ee\/wp-json\/wp\/v2\/categories?post=194497"},{"taxonomy":"post_tag","embeddable":true,"href":"https:\/\/www.europesays.com\/ee\/wp-json\/wp\/v2\/tags?post=194497"}],"curies":[{"name":"wp","href":"https:\/\/api.w.org\/{rel}","templated":true}]}}