{"id":194503,"date":"2026-06-03T14:10:10","date_gmt":"2026-06-03T14:10:10","guid":{"rendered":"https:\/\/www.europesays.com\/ee\/194503\/"},"modified":"2026-06-03T14:10:10","modified_gmt":"2026-06-03T14:10:10","slug":"saksa-valitsus-naeb-avanemas-akent-labiraakimisteks-venemaaga","status":"publish","type":"post","link":"https:\/\/www.europesays.com\/ee\/194503\/","title":{"rendered":"Saksa valitsus n\u00e4eb avanemas akent l\u00e4bir\u00e4\u00e4kimisteks Venemaaga"},"content":{"rendered":"<p>\u201eAeglaselt avaneb aken <a rel=\"noopener nofollow\" target=\"_blank\" href=\"https:\/\/www.delfi.ee\/teema\/25138591\/euroopa\" tag-id=\"25138591\">Euroopa<\/a> poole l\u00e4bir\u00e4\u00e4kimisteks Venemaaga,\u201c tsiteerib DPA Saksamaa valitsusringkondi. \u201eViimaste p\u00e4evade rasked v\u00f5itlused n\u00e4itavad aga, et see ei v\u00f5ta n\u00e4dalaid, vaid kuid.\u201c<\/p>\n<p>Euroopa poolel arutatakse, kes peaks l\u00e4bir\u00e4\u00e4kimisi juhtima. See peaks olema k\u00f5ige teostatavam formaat, mida eurooplased peaksid v\u00f5imalikult legitiimseks. Saksa valitsuses usutakse DPA teatel, et selles m\u00e4ngib t\u00e4htsat rolli <a rel=\"noopener nofollow\" target=\"_blank\" href=\"https:\/\/www.delfi.ee\/teema\/78543751\/e3\" tag-id=\"78543751\">E3<\/a> \u2013 Saksamaa, <a rel=\"noopener nofollow\" target=\"_blank\" href=\"https:\/\/www.delfi.ee\/teema\/22636419\/suurbritannia\" tag-id=\"22636419\">Suurbritannia<\/a> ja <a rel=\"noopener nofollow\" target=\"_blank\" href=\"https:\/\/www.delfi.ee\/teema\/25705227\/prantsusmaa\" tag-id=\"25705227\">Prantsusmaa<\/a>.<\/p>\n<p>Seda, et Euroopa Liidu 27 liikmesriiki nimetavad \u00fchise l\u00e4bir\u00e4\u00e4kija, kes ei kuulu m\u00f5ne riigi valitsusse, peetakse v\u00e4ga ebat\u00f5en\u00e4oliseks. See sai selgeks juba eelmisel n\u00e4dalal Euroopa Liidu v\u00e4lisministrite mitteametlikult kohtumisel <a rel=\"noopener nofollow\" target=\"_blank\" href=\"https:\/\/www.delfi.ee\/teema\/56815132\/kupros\" tag-id=\"56815132\">K\u00fcprosel<\/a>. Euroopa Liidu v\u00e4lisasjade k\u00f5rge esindaja <a rel=\"noopener nofollow\" target=\"_blank\" href=\"https:\/\/www.delfi.ee\/teema\/39416397\/kaja-kallas\" tag-id=\"39416397\">Kaja Kallas<\/a> hoiatas seal edasiste vaidluste eest selle \u00fcle: \u201eSee on asi, millesse Venemaa tahab meid takerduma panna.\u201c<\/p>\n<p>Saksamaa seisukohast n\u00f5uab edasine protsess \u201eselget poliitilist kompassi\u201c ja \u201eselget pilti eesm\u00e4rgist\u201c, teatab DPA. Edasi tahetakse liikuda vastastikuses m\u00f5istmises Ukrainaga, suurima v\u00f5imaliku koosk\u00f5lastamisega teiste eurooplastega ja v\u00f5imalikult koordineeritult <a rel=\"noopener nofollow\" target=\"_blank\" href=\"https:\/\/www.delfi.ee\/teema\/22971743\/usa\" tag-id=\"22971743\">USA<\/a>-ga.<\/p>\n<p>Kuidas see lugu Sind end tundma pani? Saada <a href=\"https:\/\/www.delfi.ee\/artikkel\/120588354\/saksa-valitsus-naeb-avanemas-akent-labiraakimisteks-venemaaga\/kommentaarid\" class=\"article-body-bottom__comment article-body-bottom__comment--write button button--primary button--size-auto\" rel=\"nofollow noopener\" target=\"_blank\"> Kommenteeri <\/a><a href=\"https:\/\/www.delfi.ee\/artikkel\/120588354\/saksa-valitsus-naeb-avanemas-akent-labiraakimisteks-venemaaga\/kommentaarid\" class=\"article-body-bottom__comment article-body-bottom__comment--read button button--size-auto\" rel=\"nofollow noopener\" target=\"_blank\"> Loe kommentaare (56)<\/a><\/p>\n","protected":false},"excerpt":{"rendered":"\u201eAeglaselt avaneb aken Euroopa poole l\u00e4bir\u00e4\u00e4kimisteks Venemaaga,\u201c tsiteerib DPA Saksamaa valitsusringkondi. \u201eViimaste p\u00e4evade rasked v\u00f5itlused n\u00e4itavad aga, et&hellip;\n","protected":false},"author":2,"featured_media":194504,"comment_status":"","ping_status":"","sticky":false,"template":"","format":"standard","meta":{"footnotes":"","_share_on_mastodon":"0"},"categories":[80],"tags":[1267,4618,26,27,82607,37,33,35,34,36,112,2412,590,31,32,9006,21,1639,9633,28,29,95,15294,19,25,52,51,107,113,660,23,24,262,22,325,20,96,30,661,92,93,94],"class_list":["post-194503","post","type-post","status-publish","format-standard","has-post-thumbnail","category-maailm","tag-alexander-stubb","tag-angela-merkel","tag-breaking-news","tag-breakingnews","tag-e3","tag-ee","tag-eesti","tag-eesti-keel","tag-estonia","tag-estonian","tag-euroopa","tag-euroopa-keskpank","tag-euroopa-liit","tag-featured-news","tag-featurednews","tag-gerhard-schroder","tag-headlines","tag-kaja-kallas","tag-kupros","tag-latest-news","tag-latestnews","tag-maailm","tag-mario-draghi","tag-news","tag-populaarseimad-lood","tag-prantsusmaa","tag-saksamaa","tag-soda-ukrainas","tag-soome","tag-suurbritannia","tag-top-stories","tag-topstories","tag-ukraina","tag-uldised-uudised","tag-usa","tag-uudised","tag-venemaa","tag-viimased-uudised","tag-vladimir-putin","tag-world","tag-world-news","tag-worldnews"],"share_on_mastodon":{"url":"","error":"Validation failed: Text character limit of 500 exceeded"},"_links":{"self":[{"href":"https:\/\/www.europesays.com\/ee\/wp-json\/wp\/v2\/posts\/194503","targetHints":{"allow":["GET"]}}],"collection":[{"href":"https:\/\/www.europesays.com\/ee\/wp-json\/wp\/v2\/posts"}],"about":[{"href":"https:\/\/www.europesays.com\/ee\/wp-json\/wp\/v2\/types\/post"}],"author":[{"embeddable":true,"href":"https:\/\/www.europesays.com\/ee\/wp-json\/wp\/v2\/users\/2"}],"replies":[{"embeddable":true,"href":"https:\/\/www.europesays.com\/ee\/wp-json\/wp\/v2\/comments?post=194503"}],"version-history":[{"count":0,"href":"https:\/\/www.europesays.com\/ee\/wp-json\/wp\/v2\/posts\/194503\/revisions"}],"wp:featuredmedia":[{"embeddable":true,"href":"https:\/\/www.europesays.com\/ee\/wp-json\/wp\/v2\/media\/194504"}],"wp:attachment":[{"href":"https:\/\/www.europesays.com\/ee\/wp-json\/wp\/v2\/media?parent=194503"}],"wp:term":[{"taxonomy":"category","embeddable":true,"href":"https:\/\/www.europesays.com\/ee\/wp-json\/wp\/v2\/categories?post=194503"},{"taxonomy":"post_tag","embeddable":true,"href":"https:\/\/www.europesays.com\/ee\/wp-json\/wp\/v2\/tags?post=194503"}],"curies":[{"name":"wp","href":"https:\/\/api.w.org\/{rel}","templated":true}]}}