{"id":194545,"date":"2026-06-03T14:57:09","date_gmt":"2026-06-03T14:57:09","guid":{"rendered":"https:\/\/www.europesays.com\/ee\/194545\/"},"modified":"2026-06-03T14:57:09","modified_gmt":"2026-06-03T14:57:09","slug":"juba-homme-aasta-glamuurseim-pidu-on-kaes-kes-voidutsevad-eesti-meelelahutusauhindade-jagamisel","status":"publish","type":"post","link":"https:\/\/www.europesays.com\/ee\/194545\/","title":{"rendered":"JUBA HOMME | Aasta glamuurseim pidu on k\u00e4es! Kes v\u00f5idutsevad Eesti Meelelahutusauhindade jagamisel?"},"content":{"rendered":"<p>Kroonika t\u00e4histab sel aastal 30. s\u00fcnnip\u00e4eva ja seet\u00f5ttu on ka iga-aastane meelelahutusauhindade gala tavap\u00e4rasest pidulikum ja suurejoonelisem. Sel kevadel saab glamuurne auhinnagala teoks <a rel=\"noopener nofollow\" target=\"_blank\" href=\"https:\/\/www.delfi.ee\/teema\/96878556\/haven-kakumae-1\" tag-id=\"96878556\">Haven Kakum\u00e4e<\/a> sadamas ja kogu kajastuse suurejoonelisest \u00fcritustest leiab Kroonika veebist. Alates kella 18.30 saavad Kroonika lugejad j\u00e4lgida otse\u00fclekande ja galerii vahendusel, kes on galale saabumas. Samal ajal saab nautida ka Kroonika p\u00fcstolreporterite poolt tehtud videointervjuusid ja uudisnuppe. <\/p>\n<p>Pidulik auhindade \u00fcleandmine algab kell 20. Seda saab j\u00e4lgida <a rel=\"noopener nofollow\" target=\"_blank\" href=\"https:\/\/www.delfi.ee\/teema\/22839051\/tv3\" tag-id=\"22839051\">TV3<\/a> otse\u00fclekande vahendusel. <\/p>\n<p>Auhindu jagatakse v\u00e4lja k\u00fcmnes kategoorias: <\/p>\n<p>Aasta seksikaim naine (nominendid on Saara Pius, Kelli-Karita Jefimov, An-Marlen)<\/p>\n<p>Aasta seksikaim mees (nominendid on nublu, S\u00e4m, NO\u00cbP)<\/p>\n<p>Aasta meelelahutaja (nominendid on NO\u00cbP, T\u00f5nis Niinemets, Silvia Ilves)<\/p>\n<p>Aasta raadioh\u00e4\u00e4l (nominendid on Maris J\u00e4rva, Maris K\u00f5rvits, J\u00fcri Pootsmann)<\/p>\n<p>Aasta telet\u00e4ht (nominendid on Kristjan J\u00f5ekalda, Roald Johannson, J\u00fcri But\u0161akov)<\/p>\n<p>Aasta n\u00e4itleja (nominendid on T\u00f5nis Niinemets, Derek Leheste, Evelin V\u00f5igemast)<\/p>\n<p>Aasta muusikaartist (nominendid on nublu, S\u00e4m, SADU)<\/p>\n<p>Aasta sotsiaalmeediastaar (nominendid on Mallukas, Lauren Villmann, S\u00e4m)<\/p>\n<p>Aasta veebih\u00e4\u00e4l (nominendid on Mallukas, Mattias Naan, Anu Saagim)<\/p>\n<p>Aasta lavastaja (nominendid on Priit V\u00f5igemast, Hendrik Toompere jr, Tanel Saar)<\/p>\n<p>Kuidas see lugu Sind end tundma pani? Saada <a href=\"https:\/\/kroonika.delfi.ee\/artikkel\/120588358\/juba-homme-aasta-glamuurseim-pidu-on-kaes-kes-voidutsevad-eesti-meelelahutusauhindade-jagamisel\/kommentaarid\" class=\"article-body-bottom__comment article-body-bottom__comment--write button button--primary button--size-auto\" rel=\"nofollow noopener\" target=\"_blank\"> Kommenteeri <\/a><a href=\"https:\/\/kroonika.delfi.ee\/artikkel\/120588358\/juba-homme-aasta-glamuurseim-pidu-on-kaes-kes-voidutsevad-eesti-meelelahutusauhindade-jagamisel\/kommentaarid\" class=\"article-body-bottom__comment article-body-bottom__comment--read button button--size-auto\" rel=\"nofollow noopener\" target=\"_blank\"> Loe kommentaare (1)<\/a><\/p>\n","protected":false},"excerpt":{"rendered":"Kroonika t\u00e4histab sel aastal 30. s\u00fcnnip\u00e4eva ja seet\u00f5ttu on ka iga-aastane meelelahutusauhindade gala tavap\u00e4rasest pidulikum ja suurejoonelisem. Sel&hellip;\n","protected":false},"author":2,"featured_media":194546,"comment_status":"","ping_status":"","sticky":false,"template":"","format":"standard","meta":{"footnotes":"","_share_on_mastodon":"0"},"categories":[91],"tags":[240,37,33,35,173,34,36,82620,241,140,257],"class_list":["post-194545","post","type-post","status-publish","format-standard","has-post-thumbnail","category-kuulsused","tag-celebrities","tag-ee","tag-eesti","tag-eesti-keel","tag-entertainment","tag-estonia","tag-estonian","tag-haven-kakumae","tag-kuulsused","tag-meelelahutus","tag-tv3"],"share_on_mastodon":{"url":"https:\/\/pubeurope.com\/@ee\/116686765703533228","error":""},"_links":{"self":[{"href":"https:\/\/www.europesays.com\/ee\/wp-json\/wp\/v2\/posts\/194545","targetHints":{"allow":["GET"]}}],"collection":[{"href":"https:\/\/www.europesays.com\/ee\/wp-json\/wp\/v2\/posts"}],"about":[{"href":"https:\/\/www.europesays.com\/ee\/wp-json\/wp\/v2\/types\/post"}],"author":[{"embeddable":true,"href":"https:\/\/www.europesays.com\/ee\/wp-json\/wp\/v2\/users\/2"}],"replies":[{"embeddable":true,"href":"https:\/\/www.europesays.com\/ee\/wp-json\/wp\/v2\/comments?post=194545"}],"version-history":[{"count":0,"href":"https:\/\/www.europesays.com\/ee\/wp-json\/wp\/v2\/posts\/194545\/revisions"}],"wp:featuredmedia":[{"embeddable":true,"href":"https:\/\/www.europesays.com\/ee\/wp-json\/wp\/v2\/media\/194546"}],"wp:attachment":[{"href":"https:\/\/www.europesays.com\/ee\/wp-json\/wp\/v2\/media?parent=194545"}],"wp:term":[{"taxonomy":"category","embeddable":true,"href":"https:\/\/www.europesays.com\/ee\/wp-json\/wp\/v2\/categories?post=194545"},{"taxonomy":"post_tag","embeddable":true,"href":"https:\/\/www.europesays.com\/ee\/wp-json\/wp\/v2\/tags?post=194545"}],"curies":[{"name":"wp","href":"https:\/\/api.w.org\/{rel}","templated":true}]}}