{"id":194549,"date":"2026-06-03T15:04:24","date_gmt":"2026-06-03T15:04:24","guid":{"rendered":"https:\/\/www.europesays.com\/ee\/194549\/"},"modified":"2026-06-03T15:04:24","modified_gmt":"2026-06-03T15:04:24","slug":"tooonnetuse-asjaolusid-tuleb-hinnata-iga-juhtumi-korral-eraldi","status":"publish","type":"post","link":"https:\/\/www.europesays.com\/ee\/194549\/","title":{"rendered":"T\u00f6\u00f6\u00f5nnetuse asjaolusid tuleb hinnata iga juhtumi korral eraldi"},"content":{"rendered":"<p>Vastab Piret Kaljula, T\u00f6\u00f6inspektsiooni t\u00f6\u00f6keskkonna konsultant:<\/p>\n<p>T\u00f6\u00f6\u00f5nnetusega on tegemist siis, kui \u00f5nnetus on p\u00f5hjuslikus seoses t\u00f6\u00f6taja t\u00f6\u00f6 v\u00f5i t\u00f6\u00f6keskkonnaga ning juhtub ajal, kui t\u00f6\u00f6taja:<\/p>\n<ul data-start=\"154\" data-end=\"370\">&#13;<\/p>\n<li data-section-id=\"8rk4i4\" data-start=\"154\" data-end=\"219\">t\u00e4itis t\u00f6\u00f6\u00fclesannet;<\/li>\n<p>&#13;<\/p>\n<li data-section-id=\"8rk4i4\" data-start=\"154\" data-end=\"219\">tegi muud t\u00f6\u00f6d t\u00f6\u00f6andja loal;<\/li>\n<p>&#13;<\/p>\n<li data-section-id=\"8rk4i4\" data-start=\"154\" data-end=\"219\">tegutses t\u00f6\u00f6andja huvides;<\/li>\n<p>&#13;<\/p>\n<li data-section-id=\"8rk4i4\" data-start=\"154\" data-end=\"219\">viibis t\u00f6\u00f6aja hulka arvataval vaheajal.<\/li>\n<p>&#13;\n<\/ul>\n<p>T\u00f6\u00f6andja peab uurima k\u00f5iki v\u00f5imalikke t\u00f6\u00f6\u00f5nnetusi. T\u00f6\u00f6\u00f5nnetuse uurimise eesm\u00e4rk on v\u00e4lja selgitada t\u00f6\u00f6\u00f5nnetuse asjaolud ja p\u00f5hjused ning kindlaks m\u00e4\u00e4rata abin\u00f5ud samalaadse juhtumi kordumise v\u00e4ltimiseks.<\/p>\n<p>See, kas t\u00f6\u00f6\u00f5nnetuse p\u00f5hjuseks oli t\u00f6\u00f6tajapoolne t\u00f6\u00f6ohutusn\u00f5uete rikkumine, selgub uurimise k\u00e4igus. Kuid see asjaolu ei ole m\u00e4\u00e4rav otsustamisel, kas juhtumit k\u00e4sitatakse t\u00f6\u00f6\u00f5nnetusena v\u00f5i mitte.<\/p>\n<p>Uurimise k\u00e4igus saab muu hulgas v\u00e4lja selgitada, kas t\u00f6\u00f6 oli korraldatud nii, et t\u00f6\u00f6tajal oli v\u00f5imalik n\u00e4iteks tooteid \u00fckshaaval t\u00f5sta, v\u00f5i ei saanud ta juhiseid tegelikkuses j\u00e4rgida. Kui juhised olid asjakohased, kuid t\u00f6\u00f6taja eksis nende vastu, peab t\u00f6\u00f6andja juhendamist ja v\u00e4lja\u00f5pet kordama, et \u00f5iged t\u00f6\u00f6v\u00f5tted t\u00f6\u00f6tajale meelde tuletada. Kui aga selgub, et muuta tuleb t\u00f6\u00f6korraldust, tuleb t\u00f6\u00f6andjal seda teha.<\/p>\n<p>Uurimise l\u00e4biviimiseks on t\u00f6\u00f6andjal aega 10 t\u00f6\u00f6p\u00e4eva. Peale uurimise l\u00f5petamist koostab t\u00f6\u00f6andja vormikohase t\u00f6\u00f6\u00f5nnetuse raporti, mille esitab kolme t\u00f6\u00f6p\u00e4eva jooksul T\u00f6\u00f6inspektsioonile ja kannatanule v\u00f5i tema huvide kaitsjale.<\/p>\n<p>Kui uurimise k\u00e4igus selgub, et tegemist ei olnud t\u00f6\u00f6\u00f5nnetusega, l\u00f5petab t\u00f6\u00f6andja uurimise ja koostab akti, milles kirjeldab vabas vormis \u00f5nnetusjuhtumi asjaolusid ja esitab uurimise l\u00f5petamise p\u00f5hjuse. Akti allkirjastavad t\u00f6\u00f6andja esindaja ja t\u00f6\u00f6keskkonnavolinik, tema puudumisel t\u00f6\u00f6tajate usaldusisik. T\u00f6\u00f6andja esitab akti T\u00f6\u00f6inspektsioonile ja kannatanule v\u00f5i tema huvide kaitsjale kolme t\u00f6\u00f6p\u00e4eva jooksul p\u00e4rast \u00f5nnetusjuhtumi uurimise l\u00f5petamist.<\/p>\n<p>T\u00f6\u00f6\u00f5nnetuse uurimises osaleb h\u00e4\u00e4le\u00f5igusega t\u00f6\u00f6keskkonnavolinik, tema puudumisel t\u00f6\u00f6tajate usaldusisik.<\/p>\n","protected":false},"excerpt":{"rendered":"Vastab Piret Kaljula, T\u00f6\u00f6inspektsiooni t\u00f6\u00f6keskkonna konsultant: T\u00f6\u00f6\u00f5nnetusega on tegemist siis, kui \u00f5nnetus on p\u00f5hjuslikus seoses t\u00f6\u00f6taja t\u00f6\u00f6 v\u00f5i&hellip;\n","protected":false},"author":2,"featured_media":194550,"comment_status":"","ping_status":"","sticky":false,"template":"","format":"standard","meta":{"footnotes":"","_share_on_mastodon":"0"},"categories":[14],"tags":[131,130,37,33,35,34,36,60365,2655,3793],"class_list":["post-194549","post","type-post","status-publish","format-standard","has-post-thumbnail","category-ari","tag-ari","tag-business","tag-ee","tag-eesti","tag-eesti-keel","tag-estonia","tag-estonian","tag-piret-kaljula","tag-tooinspektsioon","tag-tooonnetus"],"share_on_mastodon":{"url":"https:\/\/pubeurope.com\/@ee\/116686793355120171","error":""},"_links":{"self":[{"href":"https:\/\/www.europesays.com\/ee\/wp-json\/wp\/v2\/posts\/194549","targetHints":{"allow":["GET"]}}],"collection":[{"href":"https:\/\/www.europesays.com\/ee\/wp-json\/wp\/v2\/posts"}],"about":[{"href":"https:\/\/www.europesays.com\/ee\/wp-json\/wp\/v2\/types\/post"}],"author":[{"embeddable":true,"href":"https:\/\/www.europesays.com\/ee\/wp-json\/wp\/v2\/users\/2"}],"replies":[{"embeddable":true,"href":"https:\/\/www.europesays.com\/ee\/wp-json\/wp\/v2\/comments?post=194549"}],"version-history":[{"count":0,"href":"https:\/\/www.europesays.com\/ee\/wp-json\/wp\/v2\/posts\/194549\/revisions"}],"wp:featuredmedia":[{"embeddable":true,"href":"https:\/\/www.europesays.com\/ee\/wp-json\/wp\/v2\/media\/194550"}],"wp:attachment":[{"href":"https:\/\/www.europesays.com\/ee\/wp-json\/wp\/v2\/media?parent=194549"}],"wp:term":[{"taxonomy":"category","embeddable":true,"href":"https:\/\/www.europesays.com\/ee\/wp-json\/wp\/v2\/categories?post=194549"},{"taxonomy":"post_tag","embeddable":true,"href":"https:\/\/www.europesays.com\/ee\/wp-json\/wp\/v2\/tags?post=194549"}],"curies":[{"name":"wp","href":"https:\/\/api.w.org\/{rel}","templated":true}]}}