{"id":194586,"date":"2026-06-03T15:47:06","date_gmt":"2026-06-03T15:47:06","guid":{"rendered":"https:\/\/www.europesays.com\/ee\/194586\/"},"modified":"2026-06-03T15:47:06","modified_gmt":"2026-06-03T15:47:06","slug":"tallinna-kalevi-ragbimeeskond-lopetas-marjamaa-vikati-valitsusaja-teised-alad","status":"publish","type":"post","link":"https:\/\/www.europesays.com\/ee\/194586\/","title":{"rendered":"Tallinna Kalevi ragbimeeskond l\u00f5petas M\u00e4rjamaa Vikati valitsusaja | Teised alad"},"content":{"rendered":"<p>Tallinna Kalev v\u00f5idutses Tiskres toimunud Eesti ol\u00fcmpiaragbi meistriv\u00f5istlustel, l\u00f5petades M\u00e4rjamaa Vikati 12-aastase tiitliseeria.<\/p>\n<p>Tallinna Kalev l\u00e4bis turniiri enesekindlalt, kaotamata \u00fchtegi m\u00e4ngu ja skoorides kokku 152 punkti, lastes vastastel p\u00fc\u00fcda vaid 22 punkti. Linet Frey-Toompere karikas, mida Vikat on hoidnud karika loomise saati, vahetab esimest korda ajaloos omanikku.<\/p>\n<p>&#8220;Meie suurim rivaal, M\u00e4rjamaa Vikat, on tugev meeskond, kes on aastaid silma paistnud oma f\u00fc\u00fcsilise m\u00e4ngu ning suurest kogemusest tuleneva hea koost\u00f6\u00f6ga,&#8221; \u00fctles Kalevi kapten Marten Martinson. &#8220;Kalevi m\u00e4nguplaan oli lihtne \u2013 v\u00e4ltisime liigseid riske ning keskendusime meeskonnat\u00f6\u00f6le, kiirusele ja vastupidavusele. Just see t\u00f5i meile ka soovitud tulemuse.&#8221;<\/p>\n<p>&#8220;T\u00e4navune meistritiitel on eriti oluline, sest see n\u00e4itab, et Eesti ragbis on toimunud p\u00f5lvkondade vahetus ning esile on t\u00f5usnud uus m\u00e4ngijate p\u00f5lvkond,&#8221; lisas Martinson.<\/p>\n<p>Turniiril osales viis v\u00f5istkonda: neli eestimaist klubi ning L\u00e4ti klubi Regbijas klubs Fenikss Valmierast. Meistriv\u00f5istlused toimusid ringturniirina, kus k\u00f5ik m\u00e4ngisid k\u00f5igi vastu. Otsustavas kohtumises Tallinna Kalevi ja M\u00e4rjamaa Vikati vahel seljatas Kalev Vikati tulemusega 31:12. Tulemus kinnitas Kalevi tiitliv\u00f5idu ja l\u00f5petas M\u00e4rjamaa 12 aasta pikkuse v\u00f5iduseeria.<\/p>\n","protected":false},"excerpt":{"rendered":"Tallinna Kalev v\u00f5idutses Tiskres toimunud Eesti ol\u00fcmpiaragbi meistriv\u00f5istlustel, l\u00f5petades M\u00e4rjamaa Vikati 12-aastase tiitliseeria. Tallinna Kalev l\u00e4bis turniiri enesekindlalt,&hellip;\n","protected":false},"author":2,"featured_media":194587,"comment_status":"","ping_status":"","sticky":false,"template":"","format":"standard","meta":{"footnotes":"","_share_on_mastodon":"0"},"categories":[18],"tags":[37,33,35,34,36,48975,159,158,82628],"class_list":["post-194586","post","type-post","status-publish","format-standard","has-post-thumbnail","category-sport","tag-ee","tag-eesti","tag-eesti-keel","tag-estonia","tag-estonian","tag-ragbi","tag-sport","tag-sports","tag-tallinna-kalevi-ragbiklubi"],"share_on_mastodon":{"url":"https:\/\/pubeurope.com\/@ee\/116686962503607950","error":""},"_links":{"self":[{"href":"https:\/\/www.europesays.com\/ee\/wp-json\/wp\/v2\/posts\/194586","targetHints":{"allow":["GET"]}}],"collection":[{"href":"https:\/\/www.europesays.com\/ee\/wp-json\/wp\/v2\/posts"}],"about":[{"href":"https:\/\/www.europesays.com\/ee\/wp-json\/wp\/v2\/types\/post"}],"author":[{"embeddable":true,"href":"https:\/\/www.europesays.com\/ee\/wp-json\/wp\/v2\/users\/2"}],"replies":[{"embeddable":true,"href":"https:\/\/www.europesays.com\/ee\/wp-json\/wp\/v2\/comments?post=194586"}],"version-history":[{"count":0,"href":"https:\/\/www.europesays.com\/ee\/wp-json\/wp\/v2\/posts\/194586\/revisions"}],"wp:featuredmedia":[{"embeddable":true,"href":"https:\/\/www.europesays.com\/ee\/wp-json\/wp\/v2\/media\/194587"}],"wp:attachment":[{"href":"https:\/\/www.europesays.com\/ee\/wp-json\/wp\/v2\/media?parent=194586"}],"wp:term":[{"taxonomy":"category","embeddable":true,"href":"https:\/\/www.europesays.com\/ee\/wp-json\/wp\/v2\/categories?post=194586"},{"taxonomy":"post_tag","embeddable":true,"href":"https:\/\/www.europesays.com\/ee\/wp-json\/wp\/v2\/tags?post=194586"}],"curies":[{"name":"wp","href":"https:\/\/api.w.org\/{rel}","templated":true}]}}