{"id":194649,"date":"2026-06-03T17:07:11","date_gmt":"2026-06-03T17:07:11","guid":{"rendered":"https:\/\/www.europesays.com\/ee\/194649\/"},"modified":"2026-06-03T17:07:11","modified_gmt":"2026-06-03T17:07:11","slug":"inimesed-usuvad-et-see-on-alles-algus-wisei-otsus-isaduspuhkust-enam-kui-poole-vorra-karpida-ajas-tootajad-marru","status":"publish","type":"post","link":"https:\/\/www.europesays.com\/ee\/194649\/","title":{"rendered":"\u201eInimesed usuvad, et see on alles algus.\u201c Wise\u2019i otsus isaduspuhkust enam kui poole v\u00f5rra k\u00e4rpida ajas t\u00f6\u00f6tajad marru"},"content":{"rendered":"<p>Delfi \u00c4rileheni j\u00f5udis info, mille kohaselt andis Wise t\u00e4na oma t\u00f6\u00f6tajatele teada, et k\u00e4rbib h\u00fcvesid, millest suurima l\u00f6\u00f6gi sai isaduspuhkus. Wise\u2019i t\u00f6\u00f6tajast lugeja s\u00f5nul on ettev\u00f5ttes vallandunud otsuse peale korralik pahandus ning inimesed on pettunud ja kurjad.<\/p>\n<p>Meeleh\u00e4rmi on tekitanud viis, kuidas otsusest teatati. \u201eKeegi k\u00f5rgemalt poolt ei vasta midagi. T\u00e4ielik vaikus. T\u00f6\u00f6tajad on v\u00e4ga pettunud ja kurjad. Inimesed usuvad, et see on alles algus,\u201c s\u00f5nab ta. T\u00f6\u00f6tajad suunati vestlema ettev\u00f5ttesisese <a rel=\"noopener nofollow\" target=\"_blank\" href=\"https:\/\/www.delfi.ee\/teema\/96849792\/tehisintellekt-1\" tag-id=\"96849792\">tehisintellektiga<\/a> (Wise AI).<\/p>\n<p>Oled juba tellija?Logi sisse<\/p>\n<p><a href=\"https:\/\/arileht.delfi.ee\/a\/120588288\/inimesed-usuvad-et-see-on-alles-algus-wise-i-otsus-isaduspuhkust-enam-kui-poole-vorra-karpida-ajas-tootajad-marru\/kommentaarid\" class=\"article-body-bottom__comment article-body-bottom__comment--write button button--primary button--size-auto\" rel=\"nofollow noopener\" target=\"_blank\"> Kommenteeri <\/a><a href=\"https:\/\/arileht.delfi.ee\/a\/120588288\/inimesed-usuvad-et-see-on-alles-algus-wise-i-otsus-isaduspuhkust-enam-kui-poole-vorra-karpida-ajas-tootajad-marru\/kommentaarid\" class=\"article-body-bottom__comment article-body-bottom__comment--read button button--size-auto\" rel=\"nofollow noopener\" target=\"_blank\"> Loe kommentaare (38)<\/a><\/p>\n","protected":false},"excerpt":{"rendered":"Delfi \u00c4rileheni j\u00f5udis info, mille kohaselt andis Wise t\u00e4na oma t\u00f6\u00f6tajatele teada, et k\u00e4rbib h\u00fcvesid, millest suurima l\u00f6\u00f6gi&hellip;\n","protected":false},"author":2,"featured_media":194650,"comment_status":"","ping_status":"","sticky":false,"template":"","format":"standard","meta":{"footnotes":"","_share_on_mastodon":"0"},"categories":[12],"tags":[26,27,37,33,35,34,36,31,32,21,28,29,19,25,64783,373,23,24,22,20,30,18624],"class_list":["post-194649","post","type-post","status-publish","format-standard","has-post-thumbnail","category-eesti","tag-breaking-news","tag-breakingnews","tag-ee","tag-eesti","tag-eesti-keel","tag-estonia","tag-estonian","tag-featured-news","tag-featurednews","tag-headlines","tag-latest-news","tag-latestnews","tag-news","tag-populaarseimad-lood","tag-sisekommunikatsioon","tag-tehisintellekt","tag-top-stories","tag-topstories","tag-uldised-uudised","tag-uudised","tag-viimased-uudised","tag-wise"],"share_on_mastodon":{"url":"https:\/\/pubeurope.com\/@ee\/116687277035078546","error":""},"_links":{"self":[{"href":"https:\/\/www.europesays.com\/ee\/wp-json\/wp\/v2\/posts\/194649","targetHints":{"allow":["GET"]}}],"collection":[{"href":"https:\/\/www.europesays.com\/ee\/wp-json\/wp\/v2\/posts"}],"about":[{"href":"https:\/\/www.europesays.com\/ee\/wp-json\/wp\/v2\/types\/post"}],"author":[{"embeddable":true,"href":"https:\/\/www.europesays.com\/ee\/wp-json\/wp\/v2\/users\/2"}],"replies":[{"embeddable":true,"href":"https:\/\/www.europesays.com\/ee\/wp-json\/wp\/v2\/comments?post=194649"}],"version-history":[{"count":0,"href":"https:\/\/www.europesays.com\/ee\/wp-json\/wp\/v2\/posts\/194649\/revisions"}],"wp:featuredmedia":[{"embeddable":true,"href":"https:\/\/www.europesays.com\/ee\/wp-json\/wp\/v2\/media\/194650"}],"wp:attachment":[{"href":"https:\/\/www.europesays.com\/ee\/wp-json\/wp\/v2\/media?parent=194649"}],"wp:term":[{"taxonomy":"category","embeddable":true,"href":"https:\/\/www.europesays.com\/ee\/wp-json\/wp\/v2\/categories?post=194649"},{"taxonomy":"post_tag","embeddable":true,"href":"https:\/\/www.europesays.com\/ee\/wp-json\/wp\/v2\/tags?post=194649"}],"curies":[{"name":"wp","href":"https:\/\/api.w.org\/{rel}","templated":true}]}}