{"id":194691,"date":"2026-06-03T18:23:16","date_gmt":"2026-06-03T18:23:16","guid":{"rendered":"https:\/\/www.europesays.com\/ee\/194691\/"},"modified":"2026-06-03T18:23:16","modified_gmt":"2026-06-03T18:23:16","slug":"eis-tombab-kodukontorile-pidurit-tootajail-tuleb-taas-iga-nadal-kontoris-kaia","status":"publish","type":"post","link":"https:\/\/www.europesays.com\/ee\/194691\/","title":{"rendered":"EIS t\u00f5mbab kodukontorile pidurit. T\u00f6\u00f6tajail tuleb taas iga n\u00e4dal kontoris k\u00e4ia"},"content":{"rendered":"<p>\u00c4rilehele saabunud vihje kohaselt muutub ettev\u00f5tluse ja innovatsiooni sihtasutuses senine kodukontori kord. Kui varem oli t\u00f6\u00f6tajatel v\u00f5imalik teha t\u00f6\u00f6d t\u00e4ielikult kodukontorist, siis n\u00fc\u00fcd soovib sihtasutus t\u00f6\u00f6tajaid taas rohkem kontorisse tuua. <\/p>\n<p>V\u00e4idetavalt saatis EIS-i juhatuse esimees Ursel Velve ligikaudu kaks n\u00e4dalat tagasi t\u00f6\u00f6tajatele kirja, milles andis teada, et edaspidi tuleb kontoris kohal k\u00e4ia v\u00e4hemalt kahel p\u00e4eval n\u00e4dalas.<\/p>\n","protected":false},"excerpt":{"rendered":"\u00c4rilehele saabunud vihje kohaselt muutub ettev\u00f5tluse ja innovatsiooni sihtasutuses senine kodukontori kord. Kui varem oli t\u00f6\u00f6tajatel v\u00f5imalik teha&hellip;\n","protected":false},"author":2,"featured_media":194692,"comment_status":"","ping_status":"","sticky":false,"template":"","format":"standard","meta":{"footnotes":"","_share_on_mastodon":"0"},"categories":[80],"tags":[26,27,37,33,35,34,36,3871,31,32,21,5270,28,29,95,19,25,23,24,22,27873,20,30,92,93,94],"class_list":["post-194691","post","type-post","status-publish","format-standard","has-post-thumbnail","category-maailm","tag-breaking-news","tag-breakingnews","tag-ee","tag-eesti","tag-eesti-keel","tag-estonia","tag-estonian","tag-ettevotluse-ja-innovatsiooni-sihtasutus","tag-featured-news","tag-featurednews","tag-headlines","tag-kodukontor","tag-latest-news","tag-latestnews","tag-maailm","tag-news","tag-populaarseimad-lood","tag-top-stories","tag-topstories","tag-uldised-uudised","tag-ursel-velve","tag-uudised","tag-viimased-uudised","tag-world","tag-world-news","tag-worldnews"],"share_on_mastodon":{"url":"https:\/\/pubeurope.com\/@ee\/116687575650337405","error":""},"_links":{"self":[{"href":"https:\/\/www.europesays.com\/ee\/wp-json\/wp\/v2\/posts\/194691","targetHints":{"allow":["GET"]}}],"collection":[{"href":"https:\/\/www.europesays.com\/ee\/wp-json\/wp\/v2\/posts"}],"about":[{"href":"https:\/\/www.europesays.com\/ee\/wp-json\/wp\/v2\/types\/post"}],"author":[{"embeddable":true,"href":"https:\/\/www.europesays.com\/ee\/wp-json\/wp\/v2\/users\/2"}],"replies":[{"embeddable":true,"href":"https:\/\/www.europesays.com\/ee\/wp-json\/wp\/v2\/comments?post=194691"}],"version-history":[{"count":0,"href":"https:\/\/www.europesays.com\/ee\/wp-json\/wp\/v2\/posts\/194691\/revisions"}],"wp:featuredmedia":[{"embeddable":true,"href":"https:\/\/www.europesays.com\/ee\/wp-json\/wp\/v2\/media\/194692"}],"wp:attachment":[{"href":"https:\/\/www.europesays.com\/ee\/wp-json\/wp\/v2\/media?parent=194691"}],"wp:term":[{"taxonomy":"category","embeddable":true,"href":"https:\/\/www.europesays.com\/ee\/wp-json\/wp\/v2\/categories?post=194691"},{"taxonomy":"post_tag","embeddable":true,"href":"https:\/\/www.europesays.com\/ee\/wp-json\/wp\/v2\/tags?post=194691"}],"curies":[{"name":"wp","href":"https:\/\/api.w.org\/{rel}","templated":true}]}}