{"id":194804,"date":"2026-06-03T23:43:07","date_gmt":"2026-06-03T23:43:07","guid":{"rendered":"https:\/\/www.europesays.com\/ee\/194804\/"},"modified":"2026-06-03T23:43:07","modified_gmt":"2026-06-03T23:43:07","slug":"e-piima-vastu-esitatud-nouded-ulatuvad-ligi-385-miljoni-euroni","status":"publish","type":"post","link":"https:\/\/www.europesays.com\/ee\/194804\/","title":{"rendered":"E-Piima vastu esitatud n\u00f5uded ulatuvad ligi 385 miljoni euroni"},"content":{"rendered":"<p>E-Piima \u00fcmber keerleva kriisi tegelik ulatus hakkab tasapisi selginema. Kui seni on avalikkuses r\u00e4\u00e4gitud peamiselt piimatootjate saamata j\u00e4\u00e4nud rahast ja Paide tehase tulevikust, siis n\u00fc\u00fcd on selgunud pankrotimenetluses esitatud n\u00f5uete kogumaht.<\/p>\n<p>ASi E-Piim Tootmine pankrotihaldurid Olev Kuklase ja Indrek Lepsoo teatasid Maa Elule, et v\u00f5lgniku vastu on esitatud n\u00f5udeid kokku 384\u00a0561\u00a0020,21 euro ulatuses.<\/p>\n","protected":false},"excerpt":{"rendered":"E-Piima \u00fcmber keerleva kriisi tegelik ulatus hakkab tasapisi selginema. Kui seni on avalikkuses r\u00e4\u00e4gitud peamiselt piimatootjate saamata j\u00e4\u00e4nud&hellip;\n","protected":false},"author":2,"featured_media":194805,"comment_status":"","ping_status":"","sticky":false,"template":"","format":"standard","meta":{"footnotes":"","_share_on_mastodon":"0"},"categories":[12],"tags":[3427,3431,3426,26,27,37,33,35,3450,3456,3445,34,36,3451,31,32,21,3429,1155,3455,3428,44,28,29,3432,1952,3442,426,3439,3444,3437,3448,3443,3086,3425,19,443,3452,3433,3449,3447,3424,3441,3435,25,3446,3430,134,3454,3440,3453,371,3434,23,24,3436,22,20,3438,30],"class_list":["post-194804","post","type-post","status-publish","format-standard","has-post-thumbnail","category-eesti","tag-aed","tag-aedviljad","tag-aiatarkus","tag-breaking-news","tag-breakingnews","tag-ee","tag-eesti","tag-eesti-keel","tag-eesti-pollumajandus-kaubanduskoda","tag-eesti-talupidajate-keskliit","tag-erakorraline-toetus","tag-estonia","tag-estonian","tag-etki","tag-featured-news","tag-featurednews","tag-headlines","tag-juurviljakasvatus","tag-kalandus","tag-kerli-ats","tag-koduaed","tag-koogiviljakasvatus","tag-latest-news","tag-latestnews","tag-lilled","tag-looduskalender","tag-loomakasvatus","tag-maaelu","tag-maaettevotlus","tag-maamess","tag-maaturism","tag-maaulikool","tag-mahetootmine","tag-metsandus","tag-metsatoostus","tag-news","tag-olustvere","tag-parim-talu","tag-piimakari","tag-polli","tag-pollimajandustoetus","tag-pollumajandus","tag-pollumajanduspoliitika","tag-pollumajandustehnika","tag-populaarseimad-lood","tag-pria","tag-puuviljakasvatus","tag-rohepoore","tag-roomet-sormus","tag-taimetark","tag-talutoit","tag-tehnika","tag-toiduainetoostus","tag-top-stories","tag-topstories","tag-turism","tag-uldised-uudised","tag-uudised","tag-vaikeettevotlus","tag-viimased-uudised"],"share_on_mastodon":{"url":"","error":"Validation failed: Text character limit of 500 exceeded"},"_links":{"self":[{"href":"https:\/\/www.europesays.com\/ee\/wp-json\/wp\/v2\/posts\/194804","targetHints":{"allow":["GET"]}}],"collection":[{"href":"https:\/\/www.europesays.com\/ee\/wp-json\/wp\/v2\/posts"}],"about":[{"href":"https:\/\/www.europesays.com\/ee\/wp-json\/wp\/v2\/types\/post"}],"author":[{"embeddable":true,"href":"https:\/\/www.europesays.com\/ee\/wp-json\/wp\/v2\/users\/2"}],"replies":[{"embeddable":true,"href":"https:\/\/www.europesays.com\/ee\/wp-json\/wp\/v2\/comments?post=194804"}],"version-history":[{"count":0,"href":"https:\/\/www.europesays.com\/ee\/wp-json\/wp\/v2\/posts\/194804\/revisions"}],"wp:featuredmedia":[{"embeddable":true,"href":"https:\/\/www.europesays.com\/ee\/wp-json\/wp\/v2\/media\/194805"}],"wp:attachment":[{"href":"https:\/\/www.europesays.com\/ee\/wp-json\/wp\/v2\/media?parent=194804"}],"wp:term":[{"taxonomy":"category","embeddable":true,"href":"https:\/\/www.europesays.com\/ee\/wp-json\/wp\/v2\/categories?post=194804"},{"taxonomy":"post_tag","embeddable":true,"href":"https:\/\/www.europesays.com\/ee\/wp-json\/wp\/v2\/tags?post=194804"}],"curies":[{"name":"wp","href":"https:\/\/api.w.org\/{rel}","templated":true}]}}