{"id":194828,"date":"2026-06-04T00:28:11","date_gmt":"2026-06-04T00:28:11","guid":{"rendered":"https:\/\/www.europesays.com\/ee\/194828\/"},"modified":"2026-06-04T00:28:11","modified_gmt":"2026-06-04T00:28:11","slug":"kumned-tuhanded-reservvaelased-mattuvad-sooduspakkumiste-alla-postimees","status":"publish","type":"post","link":"https:\/\/www.europesays.com\/ee\/194828\/","title":{"rendered":"K\u00fcmned tuhanded reservv\u00e4elased mattuvad sooduspakkumiste alla &#8211; Postimees"},"content":{"rendered":"<ol>\n<li><a href=\"https:\/\/news.google.com\/rss\/articles\/CBMimgFBVV95cUxOU1R6U09BR2ZON0RjOEJnUzdtcENSYXRBd25mM3hhQWRXLXFnQWVuRDBzYUpOakVkQ3lHMWwtV2NXcVR5UGhheWVIZjc4N2tuSHZhTVplSzFWV01pU2h6N0tVbjBQQUxhTElqQmdHd2JNNVcxbGpQOFVETV92cDRnWjR2WG00bWd2RTliRmMwVEI0OVhxYmNRYURn?oc=5\" target=\"_blank\" rel=\"nofollow noopener\">K\u00fcmned tuhanded reservv\u00e4elased mattuvad sooduspakkumiste alla<\/a>&nbsp;&nbsp;Postimees<\/li>\n<li><a href=\"https:\/\/news.google.com\/rss\/articles\/CBMiP0FVX3lxTFBuMERmVmQ1WUxtVlI4ZlcyQk1CUFIyY0NJTVNESUhTUmpZTkg2cDdFak9nMlJMcmNyRzFpdnlVUQ?oc=5\" target=\"_blank\" rel=\"nofollow noopener\">Tallinnas toimub rahvusvaheline filmiprodutsentide koolitusprogramm Eurodoc<\/a>&nbsp;&nbsp;Uudis.net<\/li>\n<li><a href=\"https:\/\/news.google.com\/rss\/articles\/CBMiowFBVV95cUxNMkdJTlNlZGxfbUkwdHZjQnNmLXNJUDZFMGs1WUxfQWwyQWRzcnEzQy12dnV2QTZqcHozakxnaHI0Z0xCRnUwalZPVGxoUHotdS1FaFEtSXJwQ2QxbzFfdEVTeTUtYlNLQ1otT0VwTDlFUjBjOWdjZW9tb2hnSEpXTDVDNERFS0lCYlU0UlBfUTdfOWp2aXNnR1dYY2o4bFFyekhr?oc=5\" target=\"_blank\" rel=\"nofollow noopener\">Reservv\u00e4elaste n\u00e4dal toob ERMi ette hiigelsuure sinimustvalge lipu<\/a>&nbsp;&nbsp;Tartu Postimees<\/li>\n<li><a href=\"https:\/\/news.google.com\/rss\/articles\/CBMi0gFBVV95cUxPTWJ4b0d2alc1bmNsVXVXSDhGN3BENl9sZVRjc3pCdzZVZVlyaXpUeWdhNkNfQ0tCalR3ZW0yM3N5aENiVnNkaU1nRzdnYV9zTHRKeDI4R2V3V3lVVVNGenF4aHRTYlpNSFJGOWxZWm5ZTzI3T2VpRWM5RUdBZkVpTEI3d2hxam8wRG1idGU5YndGbmVvWjdQd1FYSTAyTUdFODl1NlIwd1o1d1NPQnVYbVJRTDZZNG1ReEhoOWF4azdXNzlSSUp3dVdZekQxNjQ2LUE?oc=5\" target=\"_blank\" rel=\"nofollow noopener\">VIDEO | Markus Rosin reservv\u00e4elaste n\u00e4dalast: Eesti kaitse ei p\u00f5hine ainult relvastusel, vaid meie inimestel<\/a>&nbsp;&nbsp;\u00d5htuleht<\/li>\n<\/ol>\n","protected":false},"excerpt":{"rendered":"K\u00fcmned tuhanded reservv\u00e4elased mattuvad sooduspakkumiste alla&nbsp;&nbsp;Postimees Tallinnas toimub rahvusvaheline filmiprodutsentide koolitusprogramm Eurodoc&nbsp;&nbsp;Uudis.net Reservv\u00e4elaste n\u00e4dal toob ERMi ette hiigelsuure&hellip;\n","protected":false},"author":2,"featured_media":194829,"comment_status":"","ping_status":"","sticky":false,"template":"","format":"standard","meta":{"footnotes":"","_share_on_mastodon":"0"},"categories":[5],"tags":[26,27,37,33,35,34,36,31,32,21,82655,8168,1152,2645,28,29,19,25,30670,82188,21734,23,24,22,20,30],"class_list":["post-194828","post","type-post","status-publish","format-standard","has-post-thumbnail","category-uldised-uudised","tag-breaking-news","tag-breakingnews","tag-ee","tag-eesti","tag-eesti-keel","tag-estonia","tag-estonian","tag-featured-news","tag-featurednews","tag-headlines","tag-hinnaalandus","tag-kaitseliit","tag-kaitseministeerium","tag-kaitsevagi","tag-latest-news","tag-latestnews","tag-news","tag-populaarseimad-lood","tag-reservvaelased","tag-reservvaelaste-nadal","tag-soodustus","tag-top-stories","tag-topstories","tag-uldised-uudised","tag-uudised","tag-viimased-uudised"],"share_on_mastodon":{"url":"https:\/\/pubeurope.com\/@ee\/116689011021663994","error":""},"_links":{"self":[{"href":"https:\/\/www.europesays.com\/ee\/wp-json\/wp\/v2\/posts\/194828","targetHints":{"allow":["GET"]}}],"collection":[{"href":"https:\/\/www.europesays.com\/ee\/wp-json\/wp\/v2\/posts"}],"about":[{"href":"https:\/\/www.europesays.com\/ee\/wp-json\/wp\/v2\/types\/post"}],"author":[{"embeddable":true,"href":"https:\/\/www.europesays.com\/ee\/wp-json\/wp\/v2\/users\/2"}],"replies":[{"embeddable":true,"href":"https:\/\/www.europesays.com\/ee\/wp-json\/wp\/v2\/comments?post=194828"}],"version-history":[{"count":0,"href":"https:\/\/www.europesays.com\/ee\/wp-json\/wp\/v2\/posts\/194828\/revisions"}],"wp:featuredmedia":[{"embeddable":true,"href":"https:\/\/www.europesays.com\/ee\/wp-json\/wp\/v2\/media\/194829"}],"wp:attachment":[{"href":"https:\/\/www.europesays.com\/ee\/wp-json\/wp\/v2\/media?parent=194828"}],"wp:term":[{"taxonomy":"category","embeddable":true,"href":"https:\/\/www.europesays.com\/ee\/wp-json\/wp\/v2\/categories?post=194828"},{"taxonomy":"post_tag","embeddable":true,"href":"https:\/\/www.europesays.com\/ee\/wp-json\/wp\/v2\/tags?post=194828"}],"curies":[{"name":"wp","href":"https:\/\/api.w.org\/{rel}","templated":true}]}}