{"id":194838,"date":"2026-06-04T00:46:10","date_gmt":"2026-06-04T00:46:10","guid":{"rendered":"https:\/\/www.europesays.com\/ee\/194838\/"},"modified":"2026-06-04T00:46:10","modified_gmt":"2026-06-04T00:46:10","slug":"joonas-tegi-rootsis-sprindiajalugu","status":"publish","type":"post","link":"https:\/\/www.europesays.com\/ee\/194838\/","title":{"rendered":"Joonas tegi Rootsis sprindiajalugu"},"content":{"rendered":"<p>Kesk-Rootsis korraldatud MK-etapil orienteerumissprindis saavutas 23-aastane v\u00f5rukas J\u00fcrgen Joonas Eesti meeste l\u00e4bi aegade parima sprinditulemuse maailma tippkonkurentsis.<\/p>\n<p>Eeljooksudeta peetud v\u00f5istlusel p\u00e4\u00e4sesid rajale 135 meest ja 111 naist, Eestist lisaks Joonasele veel kogenud Martin Vilism\u00e4e ja 19-aastane MK-deb\u00fctant Mariann Zernant.<\/p>\n","protected":false},"excerpt":{"rendered":"Kesk-Rootsis korraldatud MK-etapil orienteerumissprindis saavutas 23-aastane v\u00f5rukas J\u00fcrgen Joonas Eesti meeste l\u00e4bi aegade parima sprinditulemuse maailma tippkonkurentsis. Eeljooksudeta&hellip;\n","protected":false},"author":2,"featured_media":194839,"comment_status":"","ping_status":"","sticky":false,"template":"","format":"standard","meta":{"footnotes":"","_share_on_mastodon":"0"},"categories":[18],"tags":[37,33,35,34,36,25309,1912,25792,159,158],"class_list":["post-194838","post","type-post","status-publish","format-standard","has-post-thumbnail","category-sport","tag-ee","tag-eesti","tag-eesti-keel","tag-estonia","tag-estonian","tag-jurgen-joonas","tag-mk-sari","tag-orienteerumine","tag-sport","tag-sports"],"share_on_mastodon":{"url":"https:\/\/pubeurope.com\/@ee\/116689081649082806","error":""},"_links":{"self":[{"href":"https:\/\/www.europesays.com\/ee\/wp-json\/wp\/v2\/posts\/194838","targetHints":{"allow":["GET"]}}],"collection":[{"href":"https:\/\/www.europesays.com\/ee\/wp-json\/wp\/v2\/posts"}],"about":[{"href":"https:\/\/www.europesays.com\/ee\/wp-json\/wp\/v2\/types\/post"}],"author":[{"embeddable":true,"href":"https:\/\/www.europesays.com\/ee\/wp-json\/wp\/v2\/users\/2"}],"replies":[{"embeddable":true,"href":"https:\/\/www.europesays.com\/ee\/wp-json\/wp\/v2\/comments?post=194838"}],"version-history":[{"count":0,"href":"https:\/\/www.europesays.com\/ee\/wp-json\/wp\/v2\/posts\/194838\/revisions"}],"wp:featuredmedia":[{"embeddable":true,"href":"https:\/\/www.europesays.com\/ee\/wp-json\/wp\/v2\/media\/194839"}],"wp:attachment":[{"href":"https:\/\/www.europesays.com\/ee\/wp-json\/wp\/v2\/media?parent=194838"}],"wp:term":[{"taxonomy":"category","embeddable":true,"href":"https:\/\/www.europesays.com\/ee\/wp-json\/wp\/v2\/categories?post=194838"},{"taxonomy":"post_tag","embeddable":true,"href":"https:\/\/www.europesays.com\/ee\/wp-json\/wp\/v2\/tags?post=194838"}],"curies":[{"name":"wp","href":"https:\/\/api.w.org\/{rel}","templated":true}]}}