{"id":194915,"date":"2026-06-04T04:30:13","date_gmt":"2026-06-04T04:30:13","guid":{"rendered":"https:\/\/www.europesays.com\/ee\/194915\/"},"modified":"2026-06-04T04:30:13","modified_gmt":"2026-06-04T04:30:13","slug":"orsolya-soosaar-kiirema-palgakasvu-taga-olid-erandlikud-tegurid","status":"publish","type":"post","link":"https:\/\/www.europesays.com\/ee\/194915\/","title":{"rendered":"Orsolya Soosaar: kiirema palgakasvu taga olid erandlikud tegurid"},"content":{"rendered":"<p>            <a href=\"https:\/\/online.le.ee\/wp-content\/uploads\/2025\/09\/orsolya.jpg\" data-caption=\"\" rel=\"nofollow noopener\" target=\"_blank\"><img loading=\"lazy\" width=\"696\" height=\"464\" class=\"entry-thumb td-modal-image lazyload\" alt=\"\" title=\"orsolya\" src=\"https:\/\/www.europesays.com\/ee\/wp-content\/uploads\/2026\/06\/orsolya-696x464.jpg\" decoding=\"async\"  data- data-eio-rwidth=\"696\" data-eio-rheight=\"464\"\/><\/a><\/p>\n<p> Orsolya Soosaar. Foto: Eesti Pank<\/p>\n<p>Esimeses kvartalis kiirenes keskmise palga kasv statistikaameti andmetel 6,2 protsendini, kuid mullu viimases kvartalis oli palgakasv 4,5 protsenti.<\/p>\n<p>Kiirenemise juures on suurt rolli m\u00e4nginud erandlikud kuud: mullu neljanda kvartali kasvu vedas alla vaid 1,5protsendine palgakasv detsembris, t\u00e4navu esimese kvartali oma aga hoogustas jaanuari 6,6protsendine muutus. Sellise kasvu p\u00f5hjused olid muudatused tulumaksus\u00fcsteemis 2025. ja 2026. aastal, mis motiveerisid t\u00f6\u00f6andjaid palgamakseid ajas nihutama.<\/p>\n<p>Erandlikke kuid arvesse v\u00f5tmata palga kasvutempo aeglustus: oktoobris-novembris <\/p>\n<p>Artikkel j\u00e4tkub peale reklaami<img loading=\"lazy\" decoding=\"async\" class=\"aligncenter size-full wp-image-387649\" src=\"https:\/\/www.europesays.com\/ee\/wp-content\/uploads\/2026\/06\/1780378510_425_tasuline.png\" alt=\"\" width=\"688\" height=\"101\" data-eio=\"l\"\/><\/a><\/p>\n<p>Reklaam<\/p>\n","protected":false},"excerpt":{"rendered":"Orsolya Soosaar. Foto: Eesti Pank Esimeses kvartalis kiirenes keskmise palga kasv statistikaameti andmetel 6,2 protsendini, kuid mullu viimases&hellip;\n","protected":false},"author":2,"featured_media":194916,"comment_status":"","ping_status":"","sticky":false,"template":"","format":"standard","meta":{"footnotes":"","_share_on_mastodon":"0"},"categories":[5],"tags":[26,27,37,33,35,34,36,31,32,21,14908,28,29,19,2415,25,23,24,22,20,30],"class_list":["post-194915","post","type-post","status-publish","format-standard","has-post-thumbnail","category-uldised-uudised","tag-breaking-news","tag-breakingnews","tag-ee","tag-eesti","tag-eesti-keel","tag-estonia","tag-estonian","tag-featured-news","tag-featurednews","tag-headlines","tag-keskmine-palk","tag-latest-news","tag-latestnews","tag-news","tag-palgatous","tag-populaarseimad-lood","tag-top-stories","tag-topstories","tag-uldised-uudised","tag-uudised","tag-viimased-uudised"],"share_on_mastodon":{"url":"https:\/\/pubeurope.com\/@ee\/116689962758835649","error":""},"_links":{"self":[{"href":"https:\/\/www.europesays.com\/ee\/wp-json\/wp\/v2\/posts\/194915","targetHints":{"allow":["GET"]}}],"collection":[{"href":"https:\/\/www.europesays.com\/ee\/wp-json\/wp\/v2\/posts"}],"about":[{"href":"https:\/\/www.europesays.com\/ee\/wp-json\/wp\/v2\/types\/post"}],"author":[{"embeddable":true,"href":"https:\/\/www.europesays.com\/ee\/wp-json\/wp\/v2\/users\/2"}],"replies":[{"embeddable":true,"href":"https:\/\/www.europesays.com\/ee\/wp-json\/wp\/v2\/comments?post=194915"}],"version-history":[{"count":0,"href":"https:\/\/www.europesays.com\/ee\/wp-json\/wp\/v2\/posts\/194915\/revisions"}],"wp:featuredmedia":[{"embeddable":true,"href":"https:\/\/www.europesays.com\/ee\/wp-json\/wp\/v2\/media\/194916"}],"wp:attachment":[{"href":"https:\/\/www.europesays.com\/ee\/wp-json\/wp\/v2\/media?parent=194915"}],"wp:term":[{"taxonomy":"category","embeddable":true,"href":"https:\/\/www.europesays.com\/ee\/wp-json\/wp\/v2\/categories?post=194915"},{"taxonomy":"post_tag","embeddable":true,"href":"https:\/\/www.europesays.com\/ee\/wp-json\/wp\/v2\/tags?post=194915"}],"curies":[{"name":"wp","href":"https:\/\/api.w.org\/{rel}","templated":true}]}}