{"id":194925,"date":"2026-06-04T04:48:18","date_gmt":"2026-06-04T04:48:18","guid":{"rendered":"https:\/\/www.europesays.com\/ee\/194925\/"},"modified":"2026-06-04T04:48:18","modified_gmt":"2026-06-04T04:48:18","slug":"uue-peatreeneriga-valelt-jalalt-alustanud-sinjavski-ausalt-ma-mangisingi-nii-halvasti-soccernet-ee","status":"publish","type":"post","link":"https:\/\/www.europesays.com\/ee\/194925\/","title":{"rendered":"Uue peatreeneriga valelt jalalt alustanud Sinjavski: ausalt, ma m\u00e4ngisingi nii halvasti! &#8211; Soccernet.ee"},"content":{"rendered":"<p><img decoding=\"async\" src=\"https:\/\/www.europesays.com\/ee\/wp-content\/uploads\/2026\/06\/1780505024.jpg\" alt=\"Vlasi Sinjavski start Banikus v\u00f5ttis aega, kuid see on loodetavasti m\u00f6\u00f6danik. Foto: FC Banik Ostrava - www.fcb.cz \/ Facebook\"\/>&#13;\n<\/p>\n<p>Vlasi Sinjavski on T\u0161ehhis elamas \u00fcht kirjut jalgpallielu. Et Ostrava Banik on viie kuuga n\u00e4idanud oma igat palet, pole vasakkaitsjat \u00e4ra hirmutanud.<\/p>\n<p>Selle aastanumbriga on lisandunud Vlasi Sinjavski CV-sse neljas T\u0161ehhi klubi. Praha Bohemiansis vasakkaitsjaks tehtud meest himustas mullune pronksiklubi Ostrava Banik, kes kukrut kergitades oma tahtmise poole hooaja pealt ka sai.&#13;\n<\/p>\n<p>Sinjavskist saadi talvisel ettevalmistusel paras pilt k\u00e4tte, talle usaldati ka kaptenipaela, kuid paraku vigastas ta viimases m\u00e4ngus enne hooaja j\u00e4tkumist \u00f5lga ning l\u00e4ks ligi kuuks laatsaretti. M\u00e4rtsis naasis ta v\u00e4ljakule, kuid duubelmeeskonna ridades. Selleks hetkeks oli klubisse j\u00f5udnud peatreener Ondrej Smetana, kes Eesti koondislase naasmist esindusse tagasi hoidis.&#13;\n<\/p>\n<p>Nii m\u00f5nigi otsis Smetana otsuse tagant juba vana vimma &#8211; oli ju tema see, kes polnud n\u00f5us Sinjavskit Slovackos \u00e4\u00e4rekaitses m\u00e4ngitama. Just seet\u00f5ttu lahkus ta klubist ning puhkes Bohemiansis kohe \u00f5itesse. Sinjavski s\u00f5nul saabus Smetana Banikusse valget lippu kandes, kuid n\u00e4is, nagu ta eestlasest vasakkaitsjat ikkagi eriti k\u00f5rgelt ei hinda.<\/p>\n<p>&#8220;Kui ta tuli klubisse, siis \u00fctles, et ei taha minevikku vaadata ja oli mis oli. Kui ma l\u00f5puks paranesin ja tundsin, et saan esinduse eest m\u00e4ngida, siis ta \u00fctles, et l\u00e4hen duublisse,&#8221; kirjeldas Sinjavski Soccernet.ee-le. Sinjavski tegi seal m\u00f5ned m\u00e4ngud \u00e4ra ja koputas uuesti Smetana uksele, kuid vastus polnud ikka see.&#13;\n<\/p>\n<p>&#8220;\u00dctlesin, et ma olen valmis. Et mis vahe see on, kas ma m\u00e4ngin duubli v\u00f5i esinduse eest &#8211; samasugune v\u00f5itlus k\u00e4ib igal pool. Ta \u00fctles, et ei-ei, vahe on, et duublis ma saan m\u00e4ngida, aga esinduse eest praegu 90 minutit ei saa, aga tal on vaja, et ma m\u00e4ngiks,&#8221; meenutas ta.&#13;\n<\/p>\n<p>Vabanemine tuli, aga &#8230;&#13;\n<\/p>\n<p>Ametliku deb\u00fc\u00fcdi esindusmeeskonnas tegi Sinjavski 5. aprillil, kui ta sekkus Praha Slaviaga tehtud 0:2 kaotusm\u00e4ngu 24 minutiks. Voor hiljem oli ta p\u00f5hikoosseisus, \u00fclej\u00e4rgmises voorus uuesti. See Sinjavskile antud esimene t\u00e4ism\u00e4ng j\u00e4i Smetanale \u00fchtlasi viimaseks, sest Baniku juhtkonnal sai kehvadest tulemustest taas villand ning nad vallandasid juba kolmanda peatreeneri aprilli l\u00f5pus.<\/p>\n<p>&#8220;L\u00f5puks, kui ma hakkasin esinduse eest m\u00e4ngima, siis olid tulemused nii kehvad, et ta lihtsalt proovis leida mingit koosseisu, mis talle v\u00f5ite tooks. L\u00f5puks seda ei tulnud ja ta t\u00f6\u00f6tas ainult kaks kuud,&#8221; v\u00f5ttis Sinjavski kokku.&#13;\n<\/p>\n<p>Smetana j\u00e4rel v\u00f5ttis ohjad \u00fcle 48-aastane t\u0161ehh Josef Dvornik, kes oli viimased kolm aastat t\u00f6\u00f6tanud Baniku duublis. Seega oli ta juba tuttav ka Sinjavskiga, kuid nagu pallur ise selgitas, siis \u00fche n\u00e4ite p\u00f5hjal mitte \u00fcldse heas v\u00f5tmes.&#13;\n<\/p>\n<p><img decoding=\"async\" src=\"https:\/\/www.europesays.com\/ee\/wp-content\/uploads\/2026\/06\/1780505028.jpg\" alt=\"Sinjavski sai Banikus kirja 12 m\u00e4ngu ja \u00fche v\u00e4ravas\u00f6\u00f6du. Foto: FC Banik Ostrava - www.fcb.cz \/ Facebook\"\/>&#13;\n<\/p>\n<p>&#8220;M\u00e4letan, et Smetana saatis mu duublisse m\u00e4ngima ja \u00fctles, et ma m\u00e4ngin 90 minutit. Alati, kui \u00fclevalt \u00f6eldakse, et sa pead m\u00e4ngima 90, siis sa m\u00e4ngid. Aga ma m\u00e4ngisin nii halvasti &#8211; ausalt, m\u00e4ngisingi! &#8211; ja Dvornik v\u00f5ttis mu vaheajal v\u00e4lja. See oli minu jaoks selline esimene kord,&#8221; muheles Sinjavski.<\/p>\n<p>Sellest mingit h\u00f5\u00f5rdumist siiski ei tekkinud. Dvorniku k\u00e4e all m\u00e4ngis Banik seitse m\u00e4ngu, millest viies kuulus Sinjavski p\u00f5hikoosseisu. &#8220;P\u00e4rast seda pole mul tema kohta \u00fchtegi halba s\u00f5na \u00f6elda. Ega ma ei ole ka inimene, kes peaks treenerit hindama, vaid tulemused r\u00e4\u00e4givad enda eest,&#8221; kiitis ta, kuna Banik sai kaotustest enam-v\u00e4hem lahti, t\u00f5usis viimaselt kohalt \u00e4ra ning v\u00f5itis siis ka \u00fcleminekum\u00e4ngud.&#13;\n<\/p>\n<p>Katki pole midagi!&#13;\n<\/p>\n<p>Kokkuv\u00f5ttes l\u00e4ks Baniku hooaeg siiski rappa ning klubiga poole hooaja pealt liitunud Sinjavski s\u00f5nul oli muresid mitmeid. Esiteks tehti korralikku m\u00fc\u00fcki, kuid asemele ei toodud kas piisavaid m\u00e4ngijaid v\u00f5i ei suudetud neid kokku klapitada. Teiseks k\u00e4is \u00fche hooajaga klubist l\u00e4bi neli peatreenerit, mille toel ongi \u00fclimalt keeruline stabiilsust leida.&#13;\n<\/p>\n<p>Kas Sinjavski kahetseb, et niiv\u00f5rd segasesse olukorda astus? &#8220;Ei, ei! Ma ei kahtle \u00fcldse kunagi milleski. Kui see samm juba sai tehtud, siis ei ole m\u00f5tet m\u00f5elda, et kui teeks midagi teistmoodi &#8230; Ma elan pigem nii, et kui teen midagi, siis tagasi ei vaata,&#8221; rahustas ta.<\/p>\n<p>Banikuga seob Sinjavskit veel 2,5-aastane leping. Kuigi esimene poolaasta t\u00f5i p\u00e4rast vigastust vaid 12 m\u00e4ngu ja \u00fche v\u00e4ravas\u00f6\u00f6du, \u00f5hkab temast rahulolu. Paljuski seet\u00f5ttu, et s\u00fcgisel \u00f5nnestus tal Bohemiansis vasakkaitsjana anda viis v\u00e4ravas\u00f6\u00f6tu ja seega saada kirja statistiliselt edukaim hooaeg. Ta usub, et seda on v\u00f5imalik ka Banikus saavutada.&#13;\n<\/p>\n<p>&#8220;Muidugi, kui v\u00f5rrelda Bohemiansi ja Banikut, siis mul l\u00e4ks palju paremini Bohemiansis. Aga neid kahte on samas raske v\u00f5rrelda, sest seal alustasin ma preseason&#8217;ist ja sain hoo sisse, aga siin tuli kohe vigastus, mis mind pidurdas,&#8221; k\u00f5rvutas ta. &#8220;Aga ma olen \u00f5nnelik, kuna saan m\u00e4ngida positsioonil, mida tahtsin juba ammu. See on minu jaoks peamine. Kui tulen trenni, siis olen \u00f5nnelik, et olen l\u00f5puks seal. Ja alles siis tulevad k\u00f5ik teised asjad.&#8221;&#13;\n<\/p>\n<p>Koondisepausile saabus Sinjavski loodetavasti vaid ehmatuse pealt: viimases \u00fcleminekum\u00e4ngus sai ta juba esimestel minutitel vastaselt l\u00f6\u00f6gi jalga, mis tekitas t\u00f5sise puuka. Koondisega liitus ta omas tempos, andes siiski lootust, et saab Balti turniiri laup\u00e4evaseks avam\u00e4nguks terveks. M\u00e4rtsiks paranenud \u00f5lg pole rohkem muret teinud.\u00a0<\/p>\n","protected":false},"excerpt":{"rendered":"&#13; Vlasi Sinjavski on T\u0161ehhis elamas \u00fcht kirjut jalgpallielu. Et Ostrava Banik on viie kuuga n\u00e4idanud oma igat&hellip;\n","protected":false},"author":2,"featured_media":194926,"comment_status":"","ping_status":"","sticky":false,"template":"","format":"standard","meta":{"footnotes":"","_share_on_mastodon":"0"},"categories":[18],"tags":[32408,1730,37,33,35,34,36,48177,32413,7226,15758,1731,159,158,1733],"class_list":["post-194925","post","type-post","status-publish","format-standard","has-post-thumbnail","category-sport","tag-banik","tag-bohemians","tag-ee","tag-eesti","tag-eesti-keel","tag-estonia","tag-estonian","tag-ostrava","tag-ostrava-banik","tag-praha","tag-praha-bohemians","tag-sinjavski","tag-sport","tag-sports","tag-vlasi-sinjavski"],"share_on_mastodon":{"url":"https:\/\/pubeurope.com\/@ee\/116690033673652278","error":""},"_links":{"self":[{"href":"https:\/\/www.europesays.com\/ee\/wp-json\/wp\/v2\/posts\/194925","targetHints":{"allow":["GET"]}}],"collection":[{"href":"https:\/\/www.europesays.com\/ee\/wp-json\/wp\/v2\/posts"}],"about":[{"href":"https:\/\/www.europesays.com\/ee\/wp-json\/wp\/v2\/types\/post"}],"author":[{"embeddable":true,"href":"https:\/\/www.europesays.com\/ee\/wp-json\/wp\/v2\/users\/2"}],"replies":[{"embeddable":true,"href":"https:\/\/www.europesays.com\/ee\/wp-json\/wp\/v2\/comments?post=194925"}],"version-history":[{"count":0,"href":"https:\/\/www.europesays.com\/ee\/wp-json\/wp\/v2\/posts\/194925\/revisions"}],"wp:featuredmedia":[{"embeddable":true,"href":"https:\/\/www.europesays.com\/ee\/wp-json\/wp\/v2\/media\/194926"}],"wp:attachment":[{"href":"https:\/\/www.europesays.com\/ee\/wp-json\/wp\/v2\/media?parent=194925"}],"wp:term":[{"taxonomy":"category","embeddable":true,"href":"https:\/\/www.europesays.com\/ee\/wp-json\/wp\/v2\/categories?post=194925"},{"taxonomy":"post_tag","embeddable":true,"href":"https:\/\/www.europesays.com\/ee\/wp-json\/wp\/v2\/tags?post=194925"}],"curies":[{"name":"wp","href":"https:\/\/api.w.org\/{rel}","templated":true}]}}