{"id":195136,"date":"2026-06-04T08:53:13","date_gmt":"2026-06-04T08:53:13","guid":{"rendered":"https:\/\/www.europesays.com\/ee\/195136\/"},"modified":"2026-06-04T08:53:13","modified_gmt":"2026-06-04T08:53:13","slug":"maris-lauri-taandub-reformierakonna-tallinna-piirkonna-juhi-kohalt-eesti","status":"publish","type":"post","link":"https:\/\/www.europesays.com\/ee\/195136\/","title":{"rendered":"Maris Lauri taandub Reformierakonna Tallinna piirkonna juhi kohalt | Eesti"},"content":{"rendered":"<p>Reformierakonna Tallinna piirkonna juht Maris Lauri teatas neljap\u00e4eval erakonnakaaslastele, et taandub Reformierakonna Tallinna linnaorganisatsiooni juhtimisest. Lauri s\u00f5nul on otsuse p\u00f5hjused eelk\u00f5ige eraelulised.<\/p>\n<p>&#8220;Tallinna piirkonna juhtimine vajab j\u00e4rjepidevat t\u00e4helepanu, aega ja energiat. Tunnen, et praeguses olukorras on sobiv aeg anda see vastutus edasi inimesele, kellel on v\u00f5imalik sellele rollile valimiste eel t\u00e4ielikult p\u00fchenduda,&#8221; \u00fctles Lauri.<\/p>\n<p>Maris Lauri j\u00e4tkab Tallinna piirkonna juhina kuni j\u00e4rgmise Tallinna \u00fcldkoguni, mis toimub 16. augustil. Uue juhi valimise t\u00e4psem kord lepitakse kokku Tallinna juhatuse j\u00e4rgmistel koosolekutel.<\/p>\n<p>Lauri kinnitas, et j\u00e4tkab erakonna tegevusse panustamist ning l\u00f6\u00f6b edaspidi kaasa eesk\u00e4tt Mustam\u00e4el ja N\u00f5mmel.<\/p>\n<p>Maris Laurist sai Reformierakonna Tallinna piirkonna juhiks mullu s\u00fcgisel. Varasem Reformierakonna Tallinna piirkonna juhatus\u00a0eesotsas P\u00e4rtel-Peeter Perega astus oktoobris peale kohalikke valimisi tagasi.\u00a0<\/p>\n","protected":false},"excerpt":{"rendered":"Reformierakonna Tallinna piirkonna juht Maris Lauri teatas neljap\u00e4eval erakonnakaaslastele, et taandub Reformierakonna Tallinna linnaorganisatsiooni juhtimisest. Lauri s\u00f5nul on&hellip;\n","protected":false},"author":2,"featured_media":195137,"comment_status":"","ping_status":"","sticky":false,"template":"","format":"standard","meta":{"footnotes":"","_share_on_mastodon":"0"},"categories":[12],"tags":[26,27,37,33,35,34,36,31,32,21,28,29,4221,19,25,643,82719,23,24,22,20,30],"class_list":["post-195136","post","type-post","status-publish","format-standard","has-post-thumbnail","category-eesti","tag-breaking-news","tag-breakingnews","tag-ee","tag-eesti","tag-eesti-keel","tag-estonia","tag-estonian","tag-featured-news","tag-featurednews","tag-headlines","tag-latest-news","tag-latestnews","tag-maris-lauri","tag-news","tag-populaarseimad-lood","tag-reformierakond","tag-reformierakonna-tallinna-piirkond","tag-top-stories","tag-topstories","tag-uldised-uudised","tag-uudised","tag-viimased-uudised"],"share_on_mastodon":{"url":"https:\/\/pubeurope.com\/@ee\/116690996619009770","error":""},"_links":{"self":[{"href":"https:\/\/www.europesays.com\/ee\/wp-json\/wp\/v2\/posts\/195136","targetHints":{"allow":["GET"]}}],"collection":[{"href":"https:\/\/www.europesays.com\/ee\/wp-json\/wp\/v2\/posts"}],"about":[{"href":"https:\/\/www.europesays.com\/ee\/wp-json\/wp\/v2\/types\/post"}],"author":[{"embeddable":true,"href":"https:\/\/www.europesays.com\/ee\/wp-json\/wp\/v2\/users\/2"}],"replies":[{"embeddable":true,"href":"https:\/\/www.europesays.com\/ee\/wp-json\/wp\/v2\/comments?post=195136"}],"version-history":[{"count":0,"href":"https:\/\/www.europesays.com\/ee\/wp-json\/wp\/v2\/posts\/195136\/revisions"}],"wp:featuredmedia":[{"embeddable":true,"href":"https:\/\/www.europesays.com\/ee\/wp-json\/wp\/v2\/media\/195137"}],"wp:attachment":[{"href":"https:\/\/www.europesays.com\/ee\/wp-json\/wp\/v2\/media?parent=195136"}],"wp:term":[{"taxonomy":"category","embeddable":true,"href":"https:\/\/www.europesays.com\/ee\/wp-json\/wp\/v2\/categories?post=195136"},{"taxonomy":"post_tag","embeddable":true,"href":"https:\/\/www.europesays.com\/ee\/wp-json\/wp\/v2\/tags?post=195136"}],"curies":[{"name":"wp","href":"https:\/\/api.w.org\/{rel}","templated":true}]}}