{"id":195138,"date":"2026-06-04T08:54:23","date_gmt":"2026-06-04T08:54:23","guid":{"rendered":"https:\/\/www.europesays.com\/ee\/195138\/"},"modified":"2026-06-04T08:54:23","modified_gmt":"2026-06-04T08:54:23","slug":"eesti-teedele-lubati-pikemad-ja-raskemad-autorongid-mida-see-tahendab-teistele-liiklejatele","status":"publish","type":"post","link":"https:\/\/www.europesays.com\/ee\/195138\/","title":{"rendered":"Eesti teedele lubati pikemad ja raskemad autorongid. Mida see t\u00e4hendab teistele liiklejatele?"},"content":{"rendered":"<p>Transpordiameti liikuvuse kavandamise osakonna juhataja Johann Peetre s\u00f5nul muutub tavaliikleja jaoks peamiselt see, et m\u00f6\u00f6das\u00f5itu on vaja hoolikamalt planeerida. Peetre s\u00f5nul peavad liiklejad arvestama, et teedel on tavap\u00e4rasest pikemad s\u00f5idukid, millest m\u00f6\u00f6dumine vajab senisest pikemat teel\u00f5iku ja kestab kauem. Seet\u00f5ttu tuleb sellisest autorongist m\u00f6\u00f6das\u00f5itu p\u00f5hjalikult kaaluda, selgitas Peetre.<\/p>\n","protected":false},"excerpt":{"rendered":"Transpordiameti liikuvuse kavandamise osakonna juhataja Johann Peetre s\u00f5nul muutub tavaliikleja jaoks peamiselt see, et m\u00f6\u00f6das\u00f5itu on vaja hoolikamalt&hellip;\n","protected":false},"author":2,"featured_media":195139,"comment_status":"","ping_status":"","sticky":false,"template":"","format":"standard","meta":{"footnotes":"","_share_on_mastodon":"0"},"categories":[5],"tags":[11618,26,27,37,33,35,34,36,31,32,21,28,29,19,25,23,24,22,20,37402,30],"class_list":["post-195138","post","type-post","status-publish","format-standard","has-post-thumbnail","category-uldised-uudised","tag-autorong","tag-breaking-news","tag-breakingnews","tag-ee","tag-eesti","tag-eesti-keel","tag-estonia","tag-estonian","tag-featured-news","tag-featurednews","tag-headlines","tag-latest-news","tag-latestnews","tag-news","tag-populaarseimad-lood","tag-top-stories","tag-topstories","tag-uldised-uudised","tag-uudised","tag-veoauto","tag-viimased-uudised"],"share_on_mastodon":{"url":"https:\/\/pubeurope.com\/@ee\/116691000628663835","error":""},"_links":{"self":[{"href":"https:\/\/www.europesays.com\/ee\/wp-json\/wp\/v2\/posts\/195138","targetHints":{"allow":["GET"]}}],"collection":[{"href":"https:\/\/www.europesays.com\/ee\/wp-json\/wp\/v2\/posts"}],"about":[{"href":"https:\/\/www.europesays.com\/ee\/wp-json\/wp\/v2\/types\/post"}],"author":[{"embeddable":true,"href":"https:\/\/www.europesays.com\/ee\/wp-json\/wp\/v2\/users\/2"}],"replies":[{"embeddable":true,"href":"https:\/\/www.europesays.com\/ee\/wp-json\/wp\/v2\/comments?post=195138"}],"version-history":[{"count":0,"href":"https:\/\/www.europesays.com\/ee\/wp-json\/wp\/v2\/posts\/195138\/revisions"}],"wp:featuredmedia":[{"embeddable":true,"href":"https:\/\/www.europesays.com\/ee\/wp-json\/wp\/v2\/media\/195139"}],"wp:attachment":[{"href":"https:\/\/www.europesays.com\/ee\/wp-json\/wp\/v2\/media?parent=195138"}],"wp:term":[{"taxonomy":"category","embeddable":true,"href":"https:\/\/www.europesays.com\/ee\/wp-json\/wp\/v2\/categories?post=195138"},{"taxonomy":"post_tag","embeddable":true,"href":"https:\/\/www.europesays.com\/ee\/wp-json\/wp\/v2\/tags?post=195138"}],"curies":[{"name":"wp","href":"https:\/\/api.w.org\/{rel}","templated":true}]}}