{"id":195232,"date":"2026-06-04T10:40:14","date_gmt":"2026-06-04T10:40:14","guid":{"rendered":"https:\/\/www.europesays.com\/ee\/195232\/"},"modified":"2026-06-04T10:40:14","modified_gmt":"2026-06-04T10:40:14","slug":"tasemetousu-jarel-norras-pingile-langenud-soomets-pean-esmajoones-peeglisse-vaatama-soccernet-ee","status":"publish","type":"post","link":"https:\/\/www.europesays.com\/ee\/195232\/","title":{"rendered":"Tasemet\u00f5usu j\u00e4rel Norras pingile langenud Soomets: pean esmajoones peeglisse vaatama &#8211; Soccernet.ee"},"content":{"rendered":"<p><img decoding=\"async\" src=\"https:\/\/www.europesays.com\/ee\/wp-content\/uploads\/2026\/06\/1780512242.jpg\" alt=\"Eesti koondise poolkaitsja Markus Soomets on koduklubis langenud pingile. Foto: Katariina Peetson \/ jalgpall.ee\"\/>&#13;\n<\/p>\n<p>&#8220;Pean esmajoones peeglisse vaatama. See on tavaline n\u00e4htus, et m\u00e4ngijatel on endast palju parem arvamus, kui see reaalselt vastu vaatab,&#8221; t\u00f5deb Eesti meeste koondise poolkaitsja Markus Soomets, kes on langenud Norra k\u00f5rgliigaklubis Start p\u00f5hikoosseisust v\u00e4lja.<\/p>\n<p>Sinis\u00e4rkide eest 23 kohtumist pidanud Soomets on Norras sattunud eriskummalisse olukorda \u2014 \u00fchest k\u00fcljest on positiivne, et ta v\u00f5istkond kuulub t\u00e4navu k\u00f5rgliigasse, ent m\u00fcndi teine pool on paraku see, et eestlane ei p\u00e4\u00e4se piisavalt palju murule.&#13;\n<\/p>\n<p>Vaatamata sellele, et Soomets on t\u00e4navusel hooajal Starti p\u00f5hirivistusest v\u00e4lja langenud, l\u00e4heb tal enda s\u00f5nul h\u00e4sti ning keskv\u00e4ljamees liitub koondisega heas meeleolus. Enne koondisepausi j\u00e4lgis Soomets k\u00f5ik 90 minutit pingilt, kuidas Rocco Robert Shein ta meeskonna vastu m\u00e4ngis.<\/p>\n<p>&#8220;Tunnen, et see olukord on hetkel minu kontrolli alt v\u00e4ljas. Selline oli peatreeneri otsus,&#8221; selgitas Soomets Soccernet.ee-le, kui uuriti, miks ta Fredrikstadi vastu platsile ei p\u00e4\u00e4senud. &#8220;Aga see-eest on mul Rocco \u00fcle v\u00e4ga hea meel. Ta m\u00e4ngis tublilt!&#8221;&#13;\n<\/p>\n<p>Elevandist ruumis&#13;\n<\/p>\n<p>Soomets liitus Startiga mullu poole hooaja pealt ja juba alates teisest m\u00e4ngust kuulus ta p\u00f5hitegijate sekka. Ka eelmise aasta novembris oli Eesti poolkaitsja uhke, et on muutunud norralasest peatreeneri Azar Karadesi jaoks usaldusisikuks. T\u00e4navu on Soomets p\u00e4\u00e4senud 12 mat\u0161is algkoosseisu vaid kolm korda, kahel juhul on ta j\u00e4\u00e4nud terveks m\u00e4nguks pingile.&#13;\n<\/p>\n<p>Soomets m\u00e4rkis, et p\u00f5leb tahtmisest rohkem m\u00e4ngida. &#8220;P\u00fc\u00fcan anda endast maksimumi, et rohkem m\u00e4nguaega ja treeneri usaldust teenida. Ehk tuleb see tasapisi, aga praegu on olukord paraku selline,&#8221; nentis Soomets, kelle tiim on seitsme punktiga viimasel kohal.<\/p>\n<p>Millest j\u00e4\u00e4b puudu, et 11 parima sekka kuuluda? &#8220;Sel aastal on meil meeskonnas teised standardid, tingimused ja n\u00f5udmised. Ja praegu on m\u00f5ni teine m\u00e4ngija parem minust. Loodan, et see olukord varsti muutub. Mul polegi mingeid vastuseid, kahjuks,&#8221; kostis 26-aastane Soomets.&#13;\n<\/p>\n<p>M\u00e4ngija s\u00f5nul on ta pealikuga oma olukorrast vestelnud. &#8220;Samas arvan, et ajaloos pole kunagi see h\u00e4sti l\u00f5ppenud, kui minnakse treeneriga r\u00e4\u00e4kima. On ka erandeid. Enne saab v\u00e4ga palju ridade vahelt lugeda, kui minna juhendaja jutule,&#8221; lausus Soomets.&#13;\n<\/p>\n<p>&#8220;Pean esmajoones peeglisse vaatama. See on tavaline n\u00e4htus, et m\u00e4ngijatel on endast palju parem arvamus, kui see reaalselt vastu vaatab. Arvan, et see k\u00f5ik on kombo, miks ma pole nii palju m\u00e4nginud,&#8221; s\u00f5nas Soomets, kes on v\u00e4hesele m\u00e4ngupraktikale hoolimata A-koondise valikus.&#13;\n<\/p>\n<blockquote class=\"instagram-media\" data-instgrm-permalink=\"https:\/\/www.instagram.com\/p\/DY9L41njBfZ\/?utm_source=ig_embed&amp;utm_campaign=loading\" data-instgrm-version=\"14\" style=\" background:#FFF; border:0; border-radius:3px; box-shadow:0 0 1px 0 rgba(0,0,0,0.5),0 1px 10px 0 rgba(0,0,0,0.15); margin: 1px; max-width:540px; min-width:326px; padding:0; width:99.375%; width:-webkit-calc(100% - 2px); width:calc(100% - 2px);\"><p>&#13;<br \/>\n&#13;\n<\/p><\/blockquote>\n<p>T\u00e4bar hooaja algus&#13;\n<\/p>\n<p>Soomets ei salga, et k\u00f5rgliigasse t\u00f5usmine on olnud Starti jaoks suur samm. Eestlase s\u00f5nul pole ta v\u00f5istkond hetkel piisavalt tugev, et m\u00e4nge enda kasuks kallutada. &#8220;Osad kohtumised on olnud pingelised ja napid, kuid l\u00f5puks oleme selle l\u00fchema k\u00f5rre siis v\u00f5tnud. Arvan, et suvine paus tuleb meile praegu v\u00e4ga \u00f5igel hetkel,&#8221; \u00fctles Soomets lootusrikkalt.<\/p>\n<p>&#8220;Kahe hooaja vahel on meil m\u00f5istagi vahetunud m\u00e4ngijad, aga k\u00f5ige suurem muutus on olnud tasemevahes. M\u00e4ngime palliga palju v\u00e4hem. Uue liigaga aklimatiseerumine on olnud suurim v\u00e4ljakutse. Peame rohkem ilma pallita jooksma, aga arvan, et vastupidavuse taha pole meil midagi j\u00e4\u00e4nud. Tuleks vaid gramm k\u00fcpsemalt otsuseid vastu v\u00f5tta,&#8221; arvas Soomets.&#13;\n<\/p>\n<p>Soometsa s\u00f5nul on \u00f5hk riietusruumis pingeline, kuid samal ajal on f\u00e4nnid trib\u00fc\u00fcnil toetavad. &#8220;Vahepeal m\u00f5tlen, et kuidas nad suudavad nii toetavad olla. Meeskonnas k\u00fcll mingeid r\u00f5\u00f5munoote tabeliseisu t\u00f5ttu pole. Aga m\u00f5istame, et \u00fcle poole liigast on veel m\u00e4ngida ja meil on v\u00f5imalik see olukord \u00fcmber p\u00f6\u00f6rata. Midagi pole ju kadunud. 13. koht ja k\u00f5rgemale on eesm\u00e4rk, mille poole p\u00fc\u00fcdleme,&#8221; teatas Soomets.&#13;\n<\/p>\n<p>Startil on hetkel kirjas vaid \u00fcks v\u00f5it, kui k\u00fcmnendas voorus saadi koduplatsil jagu Valerengast. &#8220;Oleme kodus kindlasti tugevam meeskond kui v\u00f5\u00f5rsil. Meil on oma karukoobas. Loodamegi, et suvel, kui meil on rohkem kodum\u00e4nge, saame ennast paremini k\u00e4ima. Praegu on olnud keerulised m\u00e4ngud, l\u00f5puminutitel kannatame, mitte ei aja seisu taga. See on j\u00f5udude vahekord. \u00dcks v\u00f5it 12 m\u00e4ngust on ilmselgelt v\u00e4he,&#8221; t\u00f5des Soomets.&#13;\n<\/p>\n<p>Aprilli l\u00f5pus \u00f5nnestus Soometsal teha v\u00f5\u00f5rsil t\u00e4ism\u00e4ng kuulsa Bod\u00f6\/Glimti vastu, kes l\u00f5ppenud Meistrite liigas mitmeid hiide keerutas. Start kaotas 0:5. Mille poolest on Bod\u00f6\/Glimt sedav\u00f5rd hea?<\/p>\n<p>&#8220;L\u00e4ksime sellele m\u00e4ngule vastu kaitsvama taktikaga. Tegu on ikkagi Norra tipptiimiga, kes t\u00f5stab Euroopas pead. Neil on tugeva kvaliteediga m\u00e4ngijad, kes viljelevad head ja meeskondlikku jalgpalli. K\u00f5ik mehed teavad neil, mida nad peavad v\u00e4ljakul tegema. Kindlasti vaatan neile alt \u00fcles.&#13;\n<\/p>\n<p>Bod\u00f6\/Glimtil oli p\u00e4rast m\u00f5ne aasta tagust euroedu kaks v\u00f5imalust \u2014 investeerida oma meestesse v\u00f5i m\u00fc\u00fca k\u00f5ik maha ja v\u00f5tta kallimad asemele. L\u00f5puks valiti esimene tee, s\u00f5lmides pikad lepingud ja ajades oma asja. Praegu on neil k\u00f5ik v\u00e4lja tulnud. V\u00e4ga vinge klubi,&#8221; kiitis Soomets.&#13;\n<\/p>\n<p>Ta lisas: &#8220;Kui Milano Interi ja Manchester City m\u00e4ngijad kurtsid, et Bod\u00f6\/Glimti v\u00e4ljak ei vasta Meistrite liiga standarditele, siis minu arvates on see igati normaalne plats. N\u00fc\u00fcd ehitatakse seal veel midagi uut ja \u00e4gedamat juurde.&#8221;&#13;\n<\/p>\n<p>&#13;\n<\/p>\n<p>          <script async src=\"\/\/www.instagram.com\/embed.js\"><\/script><\/p>\n","protected":false},"excerpt":{"rendered":"&#13; &#8220;Pean esmajoones peeglisse vaatama. See on tavaline n\u00e4htus, et m\u00e4ngijatel on endast palju parem arvamus, kui see&hellip;\n","protected":false},"author":2,"featured_media":195233,"comment_status":"","ping_status":"","sticky":false,"template":"","format":"standard","meta":{"footnotes":"","_share_on_mastodon":"0"},"categories":[18],"tags":[37,33,35,5289,5290,34,36,919,8580,159,158,8581],"class_list":["post-195232","post","type-post","status-publish","format-standard","has-post-thumbnail","category-sport","tag-ee","tag-eesti","tag-eesti-keel","tag-eesti-koondis","tag-eesti-meeste-koondis","tag-estonia","tag-estonian","tag-markus-soomets","tag-soomets","tag-sport","tag-sports","tag-start"],"share_on_mastodon":{"url":"https:\/\/pubeurope.com\/@ee\/116691417457732462","error":""},"_links":{"self":[{"href":"https:\/\/www.europesays.com\/ee\/wp-json\/wp\/v2\/posts\/195232","targetHints":{"allow":["GET"]}}],"collection":[{"href":"https:\/\/www.europesays.com\/ee\/wp-json\/wp\/v2\/posts"}],"about":[{"href":"https:\/\/www.europesays.com\/ee\/wp-json\/wp\/v2\/types\/post"}],"author":[{"embeddable":true,"href":"https:\/\/www.europesays.com\/ee\/wp-json\/wp\/v2\/users\/2"}],"replies":[{"embeddable":true,"href":"https:\/\/www.europesays.com\/ee\/wp-json\/wp\/v2\/comments?post=195232"}],"version-history":[{"count":0,"href":"https:\/\/www.europesays.com\/ee\/wp-json\/wp\/v2\/posts\/195232\/revisions"}],"wp:featuredmedia":[{"embeddable":true,"href":"https:\/\/www.europesays.com\/ee\/wp-json\/wp\/v2\/media\/195233"}],"wp:attachment":[{"href":"https:\/\/www.europesays.com\/ee\/wp-json\/wp\/v2\/media?parent=195232"}],"wp:term":[{"taxonomy":"category","embeddable":true,"href":"https:\/\/www.europesays.com\/ee\/wp-json\/wp\/v2\/categories?post=195232"},{"taxonomy":"post_tag","embeddable":true,"href":"https:\/\/www.europesays.com\/ee\/wp-json\/wp\/v2\/tags?post=195232"}],"curies":[{"name":"wp","href":"https:\/\/api.w.org\/{rel}","templated":true}]}}