{"id":195240,"date":"2026-06-04T10:51:12","date_gmt":"2026-06-04T10:51:12","guid":{"rendered":"https:\/\/www.europesays.com\/ee\/195240\/"},"modified":"2026-06-04T10:51:12","modified_gmt":"2026-06-04T10:51:12","slug":"sarajarvi-esimest-korda-kaasatud-alamaast-ta-roll-voib-olla-natuke-teine-kui-klubis-aga-usun-et-saame-ta-oigetesse-positsioonidesse-soccernet-ee","status":"publish","type":"post","link":"https:\/\/www.europesays.com\/ee\/195240\/","title":{"rendered":"Saraj\u00e4rvi esimest korda kaasatud Alamaast: ta roll v\u00f5ib olla natuke teine kui klubis, aga usun, et saame ta \u00f5igetesse positsioonidesse &#8211; Soccernet.ee"},"content":{"rendered":"<p><img decoding=\"async\" src=\"https:\/\/www.europesays.com\/ee\/wp-content\/uploads\/2026\/06\/1757098880.jpg\" alt=\"Eesti U21 koondise peatreener Jani Saraj\u00e4rvi. Foto: Katariina Peetson \/ jalgpall.ee\"\/>&#13;\n<\/p>\n<p>Ka Eesti U21 koondis asub m\u00e4ngima Balti turniiri. Peatreener Jani Saraj\u00e4rvi usub, et m\u00e4nguplaan ja m\u00e4ngijate tugevused suudetakse kokku sulatada ja selle toel on f\u00fc\u00fcsiliste L\u00e4ti ja Leedu vastu hea astuda.<\/p>\n<p>Eesti U21 koondis on s\u00f5itnud Balti turniiriks Riiga ja kohtub seal traditsiooniliste Balti riikidega &#8211; L\u00e4ti ja Leeduga. Ettevalmistus on peatreeneri Jani Saraj\u00e4rvi s\u00f5nul l\u00e4inud h\u00e4sti, kui p\u00e4rast teisip\u00e4evast t\u00f5sist trennip\u00e4eva on t\u00f5mmatud koormusi veidi alla ja keskendutud m\u00e4ngulistele elementidele. Graafik on aga n\u00f5udlik: kolme p\u00e4eva sees peetakse \u00e4ra m\u00f5lemad m\u00e4ngud.&#13;\n<\/p>\n<p>&#8220;Meil on kaasas ka uusi m\u00e4ngijaid ja see on alati hea olukord, kui saame neid vaadata. Kuna meil on kolme p\u00e4eva jooksul kaks m\u00e4ngu, siis anname minuteid k\u00f5igile m\u00e4ngijatele. N\u00e4en, et meil on hea grupp, kellest nii homseks kui p\u00fchap\u00e4evaks hea koosseis kokku panna ja h\u00e4sti esineda,&#8221; r\u00e4\u00e4kis U21 koondise peatreener Jani Saraj\u00e4rvi esimese m\u00e4ngup\u00e4eva eel Soccernet.ee-le.&#13;\n<\/p>\n<p>Ta lisas, et tervise poole pealt suuri muresid ei ole ning k\u00f5igi 22 m\u00e4ngijaga saab arvestada.\u00a0<\/p>\n<p>Pilk peale &#8211; Sander Alamaa&#13;\n<\/p>\n<p>\u00dcheks uueks p\u00f5nevaks nimeks U21 koondises on Sander Alamaa, kes on Premium liigas \u00fcsna veenvalt v\u00f5itlemas triblingukuninga tiitli nimel. Tallinna FC Flora \u00e4\u00e4rem\u00e4ngija on 13 m\u00e4nguga l\u00f6\u00f6nud neli v\u00e4ravat ja jaganud v\u00e4lja viis v\u00e4ravas\u00f6\u00f6tu. Saraj\u00e4rvi n\u00f5ustus, et 18-aastane Alamaa on m\u00e4nginud h\u00e4sti ning temast v\u00f5iks koondisele palju kasu olla.&#13;\n<\/p>\n<p><img decoding=\"async\" src=\"https:\/\/www.europesays.com\/ee\/wp-content\/uploads\/2026\/06\/1778438072.jpg\" alt=\"Paljukiidetud Sander Alamaa. Foto: Liisi Troska \/ jalgpall.ee\"\/>&#13;\n<\/p>\n<p>&#8220;Ta suudab olla kogu aeg ohtlik ja v\u00f5tta 1 versus 1 olukordades ette. Ta loob nii v\u00e4ravav\u00f5imalusi kui suudab ka ise l\u00fc\u00fca. Seega on ta t\u00f5esti v\u00e4ga huvitav m\u00e4ngija,&#8221; kirjeldas Saraj\u00e4rvi. Ta j\u00e4tkas, et kuigi Alamaa on Floras olnud klassikaline \u00e4\u00e4rer\u00fcndaja ja koondis m\u00e4ngib wing-back&#8217;idega, siis ei tasu mingeid rutakaid j\u00e4reldusi teha.<\/p>\n<p>&#8220;Kuigi me oleme m\u00e4nginud teatavas formatsioonis, mida oleme vahepeal natuke ka muutnud, siis tahame, et m\u00e4ngijad suudaksid ka selle sees oma tugevustega s\u00e4rada. Me ei taha kedagi kuhugi suruda, vaid leida viis, kuidas meie s\u00fcsteem ja printsiibid saaksid m\u00e4ngijate tugevustega kokku. Sander on \u00fcks neist m\u00e4ngijatest, kellele v\u00f5iksime leida p\u00e4ris hea koha. Ta roll v\u00f5ib olla natuke teine kui klubis, see s\u00f5ltub ka m\u00e4ngupildist, aga kui meie plaan l\u00e4heb l\u00e4bi, siis saame ta nendesse \u00f5igetesse positsioonidesse, kus ta on tugev,&#8221; j\u00e4tkas U21 koondise loots.&#13;\n<\/p>\n<p>Saraj\u00e4rvi s\u00f5nul ongi Eesti noorte trump olnud \u00e4\u00e4rtes &#8211; wing-back&#8217;id on seni suutnud k\u00f5ige rohkem ohtu tekitada. N\u00e4iteks Luksemburgi vastu l\u00f5i avav\u00e4rava paremal \u00e4\u00e4rel tegutsenud Rommi Siht ning teisele v\u00e4ravale andis v\u00e4ravas\u00f6\u00f6du vasak\u00e4\u00e4r Sander Tovstik, viimati \u0160veitsi vastu s\u00fcndis Eesti vastuv\u00e4rav samuti \u00e4\u00e4relt alanud heast koost\u00f6\u00f6st.&#13;\n<\/p>\n<p>Tugevate r\u00fcndajatega v\u00f5itma!&#13;\n<\/p>\n<p>Eesti U21 koondise teine trump on kahtlemata r\u00fcnnakul, kui valida saab Karel Mustmaa, Kristjan Kriisi, Karel Eerme ja Mihhail Orlovi vahel. Saraj\u00e4rvi n\u00f5ustus, et parima koosluse &#8211; Eesti noored m\u00e4ngivad \u00fcldiselt kahe r\u00fcndajaga &#8211; leidmine on hea peavalu.&#13;\n<\/p>\n<p><img decoding=\"async\" src=\"https:\/\/www.europesays.com\/ee\/wp-content\/uploads\/2026\/06\/1774982879.jpg\" alt=\"Karel Mustmaa on toodud A-koondise juurest U21 koondisele appi. Foto: Liisi Troska \/ jalgpall.ee\"\/>&#13;\n<\/p>\n<p>&#8220;Inimesed on r\u00e4\u00e4kinud, et Eestis ei ole nii palju r\u00fcndajad. Aga meil on nad olemas, tulevad ja v\u00f5itlevad isegi A-koondise kohtade eest. Arvan, et me oleme leidnud viisi, kuidas k\u00f5iki neid m\u00e4ngijad omavahel kombineerida ja oma tugevuste peale m\u00e4ngima panna. Aga r\u00f5hutan ka, et peame esiteks super h\u00e4sti kaitsma, ka r\u00fcndajad, ja alles siis saame r\u00fcndes s\u00e4rada,&#8221; toonitas Saraj\u00e4rvi.<\/p>\n<p>Nii L\u00e4ti kui Leedu olla tugevad ja f\u00fc\u00fcsilised vastased, kelle vastu tuleb palju duelle. &#8220;Kuna L\u00e4ti m\u00e4ngib kodus, siis usun, et nad survestavad k\u00f5rgelt. Lisaks, mitmed nende vastased on saanud punase kaardi (viimase kolme m\u00e4ngu jooksul kaks punast &#8211; L. J.), sest nad ei ole suutnud selle f\u00fc\u00fcsilise m\u00e4nguga toime tulla ja l\u00e4ksid \u00fcle piiri. Peame olema selleks valmis, aga ka toetuma oma tugevustele palliga, et m\u00e4ngu d\u00fcnaamikat enda kasuks p\u00f6\u00f6rata.&#8221;&#13;\n<\/p>\n<p>Kui oluline oleks turniir \u00e4ra v\u00f5ita? &#8220;Muidugi, iga m\u00e4ng ja v\u00f5istlus on oluline. Profim\u00e4ngijatena tahad alati minna ja v\u00f5ita, saada see tunne k\u00e4tte. See k\u00e4ib t\u00f6\u00f6ga kaasas &#8211; me tahame v\u00f5ita. Meil on teisedki koondised Balti turniiril ja soovin ka neile k\u00f5ige paremat! Loodame, et suudame n\u00e4idata, mis on Baltimaades meie tase.&#8221;&#13;\n<\/p>\n<p>Eesti U21 koondis peab Balti turniiri esimese m\u00e4ngu L\u00e4tiga reede \u00f5htul algusega kell 18 Riias. M\u00e4ng Leeduga toimub p\u00fchap\u00e4eva samuti algusega kell 18. M\u00f5lemat kohtumist n\u00e4itab otsepildis Soccernet TV.<\/p>\n","protected":false},"excerpt":{"rendered":"&#13; Ka Eesti U21 koondis asub m\u00e4ngima Balti turniiri. Peatreener Jani Saraj\u00e4rvi usub, et m\u00e4nguplaan ja m\u00e4ngijate tugevused&hellip;\n","protected":false},"author":2,"featured_media":195241,"comment_status":"","ping_status":"","sticky":false,"template":"","format":"standard","meta":{"footnotes":"","_share_on_mastodon":"0"},"categories":[18],"tags":[5703,9597,37,33,35,7304,34,36,7305,42710,7306,159,158,7307,82730,2643],"class_list":["post-195240","post","type-post","status-publish","format-standard","has-post-thumbnail","category-sport","tag-alamaa","tag-balti-turniir","tag-ee","tag-eesti","tag-eesti-keel","tag-eesti-u21","tag-estonia","tag-estonian","tag-jani-sarajarvi","tag-sander-alamaa","tag-sarajarvi","tag-sport","tag-sports","tag-u21","tag-u21-balti-turniir","tag-u21-koondis"],"share_on_mastodon":{"url":"https:\/\/pubeurope.com\/@ee\/116691461084098818","error":""},"_links":{"self":[{"href":"https:\/\/www.europesays.com\/ee\/wp-json\/wp\/v2\/posts\/195240","targetHints":{"allow":["GET"]}}],"collection":[{"href":"https:\/\/www.europesays.com\/ee\/wp-json\/wp\/v2\/posts"}],"about":[{"href":"https:\/\/www.europesays.com\/ee\/wp-json\/wp\/v2\/types\/post"}],"author":[{"embeddable":true,"href":"https:\/\/www.europesays.com\/ee\/wp-json\/wp\/v2\/users\/2"}],"replies":[{"embeddable":true,"href":"https:\/\/www.europesays.com\/ee\/wp-json\/wp\/v2\/comments?post=195240"}],"version-history":[{"count":0,"href":"https:\/\/www.europesays.com\/ee\/wp-json\/wp\/v2\/posts\/195240\/revisions"}],"wp:featuredmedia":[{"embeddable":true,"href":"https:\/\/www.europesays.com\/ee\/wp-json\/wp\/v2\/media\/195241"}],"wp:attachment":[{"href":"https:\/\/www.europesays.com\/ee\/wp-json\/wp\/v2\/media?parent=195240"}],"wp:term":[{"taxonomy":"category","embeddable":true,"href":"https:\/\/www.europesays.com\/ee\/wp-json\/wp\/v2\/categories?post=195240"},{"taxonomy":"post_tag","embeddable":true,"href":"https:\/\/www.europesays.com\/ee\/wp-json\/wp\/v2\/tags?post=195240"}],"curies":[{"name":"wp","href":"https:\/\/api.w.org\/{rel}","templated":true}]}}