{"id":195577,"date":"2026-06-04T18:14:08","date_gmt":"2026-06-04T18:14:08","guid":{"rendered":"https:\/\/www.europesays.com\/ee\/195577\/"},"modified":"2026-06-04T18:14:08","modified_gmt":"2026-06-04T18:14:08","slug":"usa-valisminister-rubio-groonimaa-on-taani-osa-praeguseks","status":"publish","type":"post","link":"https:\/\/www.europesays.com\/ee\/195577\/","title":{"rendered":"USA v\u00e4lisminister Rubio: Gr\u00f6\u00f6nimaa on Taani osa praeguseks"},"content":{"rendered":"<p>USA president <a rel=\"noopener nofollow\" target=\"_blank\" href=\"https:\/\/www.delfi.ee\/teema\/32758637\/donald-trump\" tag-id=\"32758637\">Donald Trump<\/a> on oma teisel ametiajal korduvalt v\u00e4ljendanud soovi omandada <a rel=\"noopener nofollow\" target=\"_blank\" href=\"https:\/\/www.delfi.ee\/teema\/23101691\/taani\" tag-id=\"23101691\">Taani<\/a> poolautonoomse Arktika saare Gr\u00f6\u00f6nimaa, et seista vastu Venemaa ja Hiina ohtudele.<\/p>\n<p>Trumpi s\u00f5nav\u00f5tud on tekitanud pingeid Euroopa liitlastega ja p\u00f5hjustanud proteste nii Gr\u00f6\u00f6nimaal kui ka Taanis. Taani peaminister Mette Frederiksen ja Gr\u00f6\u00f6nimaa valitsus on selgelt \u00f6elnud, et saar ei ole m\u00fc\u00fcgiks.<\/p>\n<p>Eilsel kongressi esindajatekoja v\u00e4liskomisjoni kuulamisel k\u00fcsiti Rubolt, kas ta on teadlik, et Gr\u00f6\u00f6nimaa on t\u00f5epoolest osa Taanist. \u201ePraeguseks,\u201c \u00fctles Rubio.<\/p>\n<p>Teistele Gr\u00f6\u00f6nimaad puudutavatele k\u00fcsimustele vastates kinnitas ta Arktika piirkonna julgeolekut puudutavate l\u00e4bir\u00e4\u00e4kimiste j\u00e4tkumist. \u201eTegelikult peame Gr\u00f6\u00f6nimaa ja Taaniga l\u00e4bir\u00e4\u00e4kimisi Gr\u00f6\u00f6nimaa kasutamise \u00fcle meie k\u00f5igi kollektiivkaitseks,\u201c \u00fctles ta, kirjeldades saart v\u00f5tmet\u00e4htsusega paigaks raketit\u00f5rje seisukohalt.<\/p>\n<p>Rubio n\u00e4is vihjavat, et l\u00e4bir\u00e4\u00e4kimised edenevad USA jaoks positiivses suunas. \u201eMa arvan, et meil on mingil hetkel selle kohta p\u00e4ris h\u00e4id uudiseid,\u201c lisas ta, t\u00e4psustusi jagamata.<\/p>\n<p>V\u00e4idetavalt oli USA-l k\u00fclma s\u00f5ja haripunktis Gr\u00f6\u00f6nimaal 17 s\u00f5jabaasi, kuid hetkel tegutseb seal vaid \u00fcks USA baas. Pituffikis asuvat USA baasi kasutatakse kosmoseseireks, raketiohu seireks ja raketit\u00f5rjeks.<\/p>\n<p>M\u00f6\u00f6dunud kuul avas USA saarel uue konsulaadi ja saatis Gr\u00f6\u00f6nimaale oma erisaadiku Jeff Landry. Uue konsulaadi avamisel avaldasid meelt sajad inimesed, kes skandeerisid, et Gr\u00f6\u00f6nimaa kuulub gr\u00f6\u00f6nlastele.<\/p>\n<p>Kuidas see lugu Sind end tundma pani? Saada <a href=\"https:\/\/www.delfi.ee\/artikkel\/120588688\/usa-valisminister-rubio-groonimaa-on-taani-osa-praeguseks\/kommentaarid\" class=\"article-body-bottom__comment article-body-bottom__comment--write button button--primary button--size-auto\" rel=\"nofollow noopener\" target=\"_blank\"> Kommenteeri <\/a><a href=\"https:\/\/www.delfi.ee\/artikkel\/120588688\/usa-valisminister-rubio-groonimaa-on-taani-osa-praeguseks\/kommentaarid\" class=\"article-body-bottom__comment article-body-bottom__comment--read button button--size-auto\" rel=\"nofollow noopener\" target=\"_blank\"> Loe kommentaare (5)<\/a><\/p>\n","protected":false},"excerpt":{"rendered":"USA president Donald Trump on oma teisel ametiajal korduvalt v\u00e4ljendanud soovi omandada Taani poolautonoomse Arktika saare Gr\u00f6\u00f6nimaa, et&hellip;\n","protected":false},"author":2,"featured_media":195578,"comment_status":"","ping_status":"","sticky":false,"template":"","format":"standard","meta":{"footnotes":"","_share_on_mastodon":"0"},"categories":[80],"tags":[26,27,324,37,33,35,34,36,31,32,2409,21,28,29,95,1894,19,25,264,23,24,22,325,20,30,92,93,94],"class_list":["post-195577","post","type-post","status-publish","format-standard","has-post-thumbnail","category-maailm","tag-breaking-news","tag-breakingnews","tag-donald-trump","tag-ee","tag-eesti","tag-eesti-keel","tag-estonia","tag-estonian","tag-featured-news","tag-featurednews","tag-groonimaa","tag-headlines","tag-latest-news","tag-latestnews","tag-maailm","tag-marco-rubio","tag-news","tag-populaarseimad-lood","tag-taani","tag-top-stories","tag-topstories","tag-uldised-uudised","tag-usa","tag-uudised","tag-viimased-uudised","tag-world","tag-world-news","tag-worldnews"],"share_on_mastodon":{"url":"https:\/\/pubeurope.com\/@ee\/116693203035285124","error":""},"_links":{"self":[{"href":"https:\/\/www.europesays.com\/ee\/wp-json\/wp\/v2\/posts\/195577","targetHints":{"allow":["GET"]}}],"collection":[{"href":"https:\/\/www.europesays.com\/ee\/wp-json\/wp\/v2\/posts"}],"about":[{"href":"https:\/\/www.europesays.com\/ee\/wp-json\/wp\/v2\/types\/post"}],"author":[{"embeddable":true,"href":"https:\/\/www.europesays.com\/ee\/wp-json\/wp\/v2\/users\/2"}],"replies":[{"embeddable":true,"href":"https:\/\/www.europesays.com\/ee\/wp-json\/wp\/v2\/comments?post=195577"}],"version-history":[{"count":0,"href":"https:\/\/www.europesays.com\/ee\/wp-json\/wp\/v2\/posts\/195577\/revisions"}],"wp:featuredmedia":[{"embeddable":true,"href":"https:\/\/www.europesays.com\/ee\/wp-json\/wp\/v2\/media\/195578"}],"wp:attachment":[{"href":"https:\/\/www.europesays.com\/ee\/wp-json\/wp\/v2\/media?parent=195577"}],"wp:term":[{"taxonomy":"category","embeddable":true,"href":"https:\/\/www.europesays.com\/ee\/wp-json\/wp\/v2\/categories?post=195577"},{"taxonomy":"post_tag","embeddable":true,"href":"https:\/\/www.europesays.com\/ee\/wp-json\/wp\/v2\/tags?post=195577"}],"curies":[{"name":"wp","href":"https:\/\/api.w.org\/{rel}","templated":true}]}}