{"id":19574,"date":"2025-10-14T16:17:08","date_gmt":"2025-10-14T16:17:08","guid":{"rendered":"https:\/\/www.europesays.com\/ee\/19574\/"},"modified":"2025-10-14T16:17:08","modified_gmt":"2025-10-14T16:17:08","slug":"erkki-koort-%e2%9f%a9-miks-laks-eesti-uhiskond-leili-et-venelased-tegutsevad-venemaal","status":"publish","type":"post","link":"https:\/\/www.europesays.com\/ee\/19574\/","title":{"rendered":"ERKKI KOORT \u27e9 Miks l\u00e4ks Eesti \u00fchiskond leili, et venelased tegutsevad Venemaal?"},"content":{"rendered":"<p>Reedel 10. oktoobril n\u00e4hti nn Saatse saapas liikumas tavap\u00e4rasest suuremat hulka relvastatud venelasi. Selge on see, et kuna tegemist on piirialaga ja seal oleva kontrolljoone valvamisega, liigubki seal piirivalvureid, ja enamasti on nad relvastatud. Ka Eesti piirivalvurid on relvastatud ning vahepeal liigub meilgi raskemalt relvastatud piirivalvurite gruppe.<\/p>\n<p>Kuna see l\u00e4bis\u00f5it asub Venemaa territooriumil, on tegelikult p\u00e4ris imekspandav, et Venemaa on lubanud sellel olukorral j\u00e4tkuda. Liiatigi ei reguleeri seda \u00fckski lepe riikide vahel, vaid tegemist olla piiriesindajate kokkuleppega, mille osas on ka hilisem kinnitus, et sama praktika j\u00e4tkub.<\/p>\n","protected":false},"excerpt":{"rendered":"Reedel 10. oktoobril n\u00e4hti nn Saatse saapas liikumas tavap\u00e4rasest suuremat hulka relvastatud venelasi. Selge on see, et kuna&hellip;\n","protected":false},"author":2,"featured_media":19432,"comment_status":"","ping_status":"","sticky":false,"template":"","format":"standard","meta":{"footnotes":"","_share_on_mastodon":"0"},"categories":[12],"tags":[26,27,37,33,35,3778,34,36,31,32,21,1934,28,29,19,25,4262,10494,23,24,22,20,96,30,1975],"class_list":["post-19574","post","type-post","status-publish","format-standard","has-post-thumbnail","category-eesti","tag-breaking-news","tag-breakingnews","tag-ee","tag-eesti","tag-eesti-keel","tag-erkki-koort","tag-estonia","tag-estonian","tag-featured-news","tag-featurednews","tag-headlines","tag-isw","tag-latest-news","tag-latestnews","tag-news","tag-populaarseimad-lood","tag-ppa","tag-saatse","tag-top-stories","tag-topstories","tag-uldised-uudised","tag-uudised","tag-venemaa","tag-viimased-uudised","tag-vorumaa"],"share_on_mastodon":{"url":"","error":""},"_links":{"self":[{"href":"https:\/\/www.europesays.com\/ee\/wp-json\/wp\/v2\/posts\/19574","targetHints":{"allow":["GET"]}}],"collection":[{"href":"https:\/\/www.europesays.com\/ee\/wp-json\/wp\/v2\/posts"}],"about":[{"href":"https:\/\/www.europesays.com\/ee\/wp-json\/wp\/v2\/types\/post"}],"author":[{"embeddable":true,"href":"https:\/\/www.europesays.com\/ee\/wp-json\/wp\/v2\/users\/2"}],"replies":[{"embeddable":true,"href":"https:\/\/www.europesays.com\/ee\/wp-json\/wp\/v2\/comments?post=19574"}],"version-history":[{"count":0,"href":"https:\/\/www.europesays.com\/ee\/wp-json\/wp\/v2\/posts\/19574\/revisions"}],"wp:featuredmedia":[{"embeddable":true,"href":"https:\/\/www.europesays.com\/ee\/wp-json\/wp\/v2\/media\/19432"}],"wp:attachment":[{"href":"https:\/\/www.europesays.com\/ee\/wp-json\/wp\/v2\/media?parent=19574"}],"wp:term":[{"taxonomy":"category","embeddable":true,"href":"https:\/\/www.europesays.com\/ee\/wp-json\/wp\/v2\/categories?post=19574"},{"taxonomy":"post_tag","embeddable":true,"href":"https:\/\/www.europesays.com\/ee\/wp-json\/wp\/v2\/tags?post=19574"}],"curies":[{"name":"wp","href":"https:\/\/api.w.org\/{rel}","templated":true}]}}