{"id":195872,"date":"2026-06-05T06:03:15","date_gmt":"2026-06-05T06:03:15","guid":{"rendered":"https:\/\/www.europesays.com\/ee\/195872\/"},"modified":"2026-06-05T06:03:15","modified_gmt":"2026-06-05T06:03:15","slug":"rekameeste-tarkus-kui-kutus-kallis-soida-aeglasemalt","status":"publish","type":"post","link":"https:\/\/www.europesays.com\/ee\/195872\/","title":{"rendered":"Rekameeste tarkus: kui k\u00fctus kallis, s\u00f5ida aeglasemalt"},"content":{"rendered":"<p>Elukutseliste rekajuhtide jalg on Ameerika kiirteedel m\u00e4rgatavalt kergemaks l\u00e4inud. Transpordianal\u00fc\u00fcsi v\u00e4rsked andmed n\u00e4itavad, et veokid s\u00f5idavad n\u00fc\u00fcd senisest aeglasemalt \u2013 mitte liiklusohutuse kampaaniate, vaid kangekaelselt k\u00f5rgeks j\u00e4\u00e4nud k\u00fctusehinna t\u00f5ttu.<\/p>\n<p>Kuidas m\u00f5jutab m\u00f5ne miili v\u00f5rra v\u00e4iksem kiirus rekajuhtide rahakotti, milliseid kavalus i kasutatakse veel k\u00fctuse kokkuhoiuks ning miks ei ole s\u00f5iduautode juhid samas suunas kaasa l\u00e4inud?<\/p>\n","protected":false},"excerpt":{"rendered":"Elukutseliste rekajuhtide jalg on Ameerika kiirteedel m\u00e4rgatavalt kergemaks l\u00e4inud. Transpordianal\u00fc\u00fcsi v\u00e4rsked andmed n\u00e4itavad, et veokid s\u00f5idavad n\u00fc\u00fcd senisest&hellip;\n","protected":false},"author":2,"featured_media":195873,"comment_status":"","ping_status":"","sticky":false,"template":"","format":"standard","meta":{"footnotes":"","_share_on_mastodon":"0"},"categories":[14],"tags":[131,130,9087,37,33,35,20163,34,36,3592,2232,82826,82828,82827,82825],"class_list":["post-195872","post","type-post","status-publish","format-standard","has-post-thumbnail","category-ari","tag-ari","tag-business","tag-diislikutus","tag-ee","tag-eesti","tag-eesti-keel","tag-energiakriis","tag-estonia","tag-estonian","tag-kutusehind","tag-kutusekulu","tag-kutusesaast","tag-peterbilt","tag-soidukiirus","tag-veoautojuht"],"share_on_mastodon":{"url":"https:\/\/pubeurope.com\/@ee\/116695990451011538","error":""},"_links":{"self":[{"href":"https:\/\/www.europesays.com\/ee\/wp-json\/wp\/v2\/posts\/195872","targetHints":{"allow":["GET"]}}],"collection":[{"href":"https:\/\/www.europesays.com\/ee\/wp-json\/wp\/v2\/posts"}],"about":[{"href":"https:\/\/www.europesays.com\/ee\/wp-json\/wp\/v2\/types\/post"}],"author":[{"embeddable":true,"href":"https:\/\/www.europesays.com\/ee\/wp-json\/wp\/v2\/users\/2"}],"replies":[{"embeddable":true,"href":"https:\/\/www.europesays.com\/ee\/wp-json\/wp\/v2\/comments?post=195872"}],"version-history":[{"count":0,"href":"https:\/\/www.europesays.com\/ee\/wp-json\/wp\/v2\/posts\/195872\/revisions"}],"wp:featuredmedia":[{"embeddable":true,"href":"https:\/\/www.europesays.com\/ee\/wp-json\/wp\/v2\/media\/195873"}],"wp:attachment":[{"href":"https:\/\/www.europesays.com\/ee\/wp-json\/wp\/v2\/media?parent=195872"}],"wp:term":[{"taxonomy":"category","embeddable":true,"href":"https:\/\/www.europesays.com\/ee\/wp-json\/wp\/v2\/categories?post=195872"},{"taxonomy":"post_tag","embeddable":true,"href":"https:\/\/www.europesays.com\/ee\/wp-json\/wp\/v2\/tags?post=195872"}],"curies":[{"name":"wp","href":"https:\/\/api.w.org\/{rel}","templated":true}]}}