{"id":195934,"date":"2026-06-05T07:33:09","date_gmt":"2026-06-05T07:33:09","guid":{"rendered":"https:\/\/www.europesays.com\/ee\/195934\/"},"modified":"2026-06-05T07:33:09","modified_gmt":"2026-06-05T07:33:09","slug":"inimesed-on-enamasti-koostooaltid-kuid-alahindavad-teiste-koostootahet-uhiskond","status":"publish","type":"post","link":"https:\/\/www.europesays.com\/ee\/195934\/","title":{"rendered":"Inimesed on enamasti koost\u00f6\u00f6altid, kuid alahindavad teiste koost\u00f6\u00f6tahet | \u00dchiskond"},"content":{"rendered":"<p>Suurem osa maailma inimesi on koost\u00f6\u00f6altid, kuid alahindavad samas teiste inimeste koost\u00f6\u00f6valmidust.<\/p>\n<p>Sellisele tulemusele on j\u00f5udnud <a href=\"https:\/\/www.science.org\/doi\/10.1126\/science.aec9483\" rel=\"nofollow noopener\" target=\"_blank\">Saksa teadlaste uuring<\/a>, mille tulemused on avaldatud ajakirjas Science. Armin Falk Bonni \u00fclikoolist ja ta kolleegid korraldasid hulga katseid kokku enam kui 100 000 inimesega 125 maailma riigist.<\/p>\n<p>K\u00f5igis neis riikides kokku elab 92 protsenti maailma t\u00e4iskasvanud inimestest. \u00dchest ja samast riigist p\u00e4rit katseisikud, kes teineteist ei tundnud, pandi paaridesse ja asetati olukorda, kus m\u00f5lemad said valida, kas teha teisega koost\u00f6\u00f6d v\u00f5i mitte.<\/p>\n<p><img decoding=\"async\" style=\"width: 100%;\" src=\"https:\/\/www.europesays.com\/ee\/wp-content\/uploads\/2026\/06\/1780644789_589_558447h58e7.png\"\/><\/p>\n<p>Inimesed teadsid seejuures, et see, kes otsustab koost\u00f6\u00f6 kasuks saab preemiaks 70 dollarit, aga see, kes koost\u00f6\u00f6st loobub, saab 100 dollarit. Juhul aga kui m\u00f5lemad inimesed otsustasid teisega koost\u00f6\u00f6d teha, siis annetasid teadlased uuringu tegemiseks saadud rahast 400 dollarit kliimamuutuse vastase v\u00f5itluse h\u00fcvanguks.<\/p>\n<p>Seesugused m\u00e4ngureeglid seadsid katseisikute ette dilemma, kas saada ise k\u00fcll v\u00e4hem raha, kuid luua v\u00f5imalus toetada kliimav\u00f5itlust juhul, kui paariline samuti koost\u00f6\u00f6 kasuks otsustab v\u00f5i kasseerida endale sisse rohkem ja j\u00e4tta kliimav\u00f5itlus kindlalt toetussummast ilma.<\/p>\n<p>Teadlased tuvastasid, et koost\u00f6\u00f6tahe on maailma rahvaste seas laialt levinud. Koost\u00f6\u00f6 kasuks otsustajaid oli \u00fcleilma keskmiselt 69 protsenti. Ilmnes ka, et koost\u00f6\u00f6altisus on suurem neil, kes usuvad, et ka teised inimesed soovivad pigem koost\u00f6\u00f6d.<\/p>\n<p>Ka aitavad koost\u00f6\u00f6 kasuks otsustada niisugused isikuomadused nagu altruism ja kannatlikkus, aga ka riskivalmidus. \u00dcleilmse keskmisena ei tulnud uuringus v\u00e4lja koost\u00f6\u00f6tahte erinevusi meeste ja naiste vahel ega ka mitte nooremate ja vanemate inimeste vahel. K\u00f5rgem haridustase paistis aga k\u00fcll koost\u00f6\u00f6tahet ergutavat.<\/p>\n<p>Teadusuudised on Vikerraadios eetris esmasp\u00e4evast reedeni ca kell 8.35 ja laup\u00e4eval ca kell 8.25.<\/p>\n","protected":false},"excerpt":{"rendered":"Suurem osa maailma inimesi on koost\u00f6\u00f6altid, kuid alahindavad samas teiste inimeste koost\u00f6\u00f6valmidust. Sellisele tulemusele on j\u00f5udnud Saksa teadlaste&hellip;\n","protected":false},"author":2,"featured_media":195935,"comment_status":"","ping_status":"","sticky":false,"template":"","format":"standard","meta":{"footnotes":"","_share_on_mastodon":"0"},"categories":[80],"tags":[26,27,37,33,35,34,36,31,32,21,11001,82856,28,29,95,19,25,23,24,22,20,30,92,93,94],"class_list":["post-195934","post","type-post","status-publish","format-standard","has-post-thumbnail","category-maailm","tag-breaking-news","tag-breakingnews","tag-ee","tag-eesti","tag-eesti-keel","tag-estonia","tag-estonian","tag-featured-news","tag-featurednews","tag-headlines","tag-koostoo","tag-koostoovalmidus","tag-latest-news","tag-latestnews","tag-maailm","tag-news","tag-populaarseimad-lood","tag-top-stories","tag-topstories","tag-uldised-uudised","tag-uudised","tag-viimased-uudised","tag-world","tag-world-news","tag-worldnews"],"share_on_mastodon":{"url":"https:\/\/pubeurope.com\/@ee\/116696344571094667","error":""},"_links":{"self":[{"href":"https:\/\/www.europesays.com\/ee\/wp-json\/wp\/v2\/posts\/195934","targetHints":{"allow":["GET"]}}],"collection":[{"href":"https:\/\/www.europesays.com\/ee\/wp-json\/wp\/v2\/posts"}],"about":[{"href":"https:\/\/www.europesays.com\/ee\/wp-json\/wp\/v2\/types\/post"}],"author":[{"embeddable":true,"href":"https:\/\/www.europesays.com\/ee\/wp-json\/wp\/v2\/users\/2"}],"replies":[{"embeddable":true,"href":"https:\/\/www.europesays.com\/ee\/wp-json\/wp\/v2\/comments?post=195934"}],"version-history":[{"count":0,"href":"https:\/\/www.europesays.com\/ee\/wp-json\/wp\/v2\/posts\/195934\/revisions"}],"wp:featuredmedia":[{"embeddable":true,"href":"https:\/\/www.europesays.com\/ee\/wp-json\/wp\/v2\/media\/195935"}],"wp:attachment":[{"href":"https:\/\/www.europesays.com\/ee\/wp-json\/wp\/v2\/media?parent=195934"}],"wp:term":[{"taxonomy":"category","embeddable":true,"href":"https:\/\/www.europesays.com\/ee\/wp-json\/wp\/v2\/categories?post=195934"},{"taxonomy":"post_tag","embeddable":true,"href":"https:\/\/www.europesays.com\/ee\/wp-json\/wp\/v2\/tags?post=195934"}],"curies":[{"name":"wp","href":"https:\/\/api.w.org\/{rel}","templated":true}]}}