{"id":196095,"date":"2026-06-05T10:54:07","date_gmt":"2026-06-05T10:54:07","guid":{"rendered":"https:\/\/www.europesays.com\/ee\/196095\/"},"modified":"2026-06-05T10:54:07","modified_gmt":"2026-06-05T10:54:07","slug":"video-aasta-naitleja-derek-leheste-mul-on-vaga-hea-meel-et-rahvas-markas-mind","status":"publish","type":"post","link":"https:\/\/www.europesays.com\/ee\/196095\/","title":{"rendered":"VIDEO | Aasta n\u00e4itleja Derek Leheste: mul on v\u00e4ga hea meel, et rahvas m\u00e4rkas mind"},"content":{"rendered":"<p>Derek (17) r\u00e4\u00e4kis vahetult p\u00e4rast auhinna k\u00e4ttesaamist Kroonikale antud videointervjuus, et aasta n\u00e4itleja tiitel t\u00e4hendab tema jaoks palju. \u201eMul on v\u00e4ga hea meel, et rahvas endiselt m\u00e4rkab. See oli eelk\u00f5ige rahvah\u00e4\u00e4letus. Tegelikult on v\u00e4ga \u00e4ge, et rahvas n\u00e4gi ja m\u00e4rkas. Arvan, et see teeb tunde veelgi paremaks,\u201c r\u00f5\u00f5mustas ta ja lisas, et tal on v\u00e4ga hea meel noppida auhindu m\u00e4ngufilmi \u201eFr\u00e4nk\u201c eest, kus ta m\u00e4ngis keerulisest perest p\u00e4rit Pauli.<\/p>\n<p>Filmis \u201eFr\u00e4nk\u201c n\u00e4itlemine tegi Derekust \u00fcle\u00f6\u00f6 superstaari. Film on saanud auhindu nii Eestis kui ka v\u00e4lismaal. Samuti on isiklikult tunnustatud Derekut. Hiljuti p\u00e4lvis ta Itaalias parima filmin\u00e4itleja tiitli. K\u00fcsimusele, kuidas nii noorena t\u00e4hes\u00e4ras olles ennast mitte \u00e4ra kaotada, vastas Derek: \u201eEelk\u00f5ige tuleb meeles pidada kooli, mis on \u00fclioluline justnimelt selles vanuses, et pilvedesse mitte \u00e4ra t\u00f5usta. Arvan, et sellega olen kenasti hakkama saanud. Kool on ikkagi \u00fcks prioriteetidest. T\u00e4htis on ka s\u00e4ilitada mingis m\u00f5ttes alandlikkust, aga seda k\u00f5ike m\u00f5\u00f5dukalt.\u201c<\/p>\n<p>Oled juba tellija?Logi sisse<\/p>\n<p><a href=\"https:\/\/kroonika.delfi.ee\/artikkel\/120588757\/video-aasta-naitleja-derek-leheste-mul-on-vaga-hea-meel-et-rahvas-markas-mind\/kommentaarid\" class=\"article-body-bottom__comment article-body-bottom__comment--write button button--primary button--size-auto\" rel=\"nofollow noopener\" target=\"_blank\"> Kommenteeri <\/a><a href=\"https:\/\/kroonika.delfi.ee\/artikkel\/120588757\/video-aasta-naitleja-derek-leheste-mul-on-vaga-hea-meel-et-rahvas-markas-mind\/kommentaarid\" class=\"article-body-bottom__comment article-body-bottom__comment--read button button--size-auto\" rel=\"nofollow noopener\" target=\"_blank\"> Loe kommentaare (5)<\/a><\/p>\n","protected":false},"excerpt":{"rendered":"Derek (17) r\u00e4\u00e4kis vahetult p\u00e4rast auhinna k\u00e4ttesaamist Kroonikale antud videointervjuus, et aasta n\u00e4itleja tiitel t\u00e4hendab tema jaoks palju.&hellip;\n","protected":false},"author":2,"featured_media":196096,"comment_status":"","ping_status":"","sticky":false,"template":"","format":"standard","meta":{"footnotes":"","_share_on_mastodon":"0"},"categories":[91],"tags":[240,8468,37,33,35,173,34,36,241,140],"class_list":["post-196095","post","type-post","status-publish","format-standard","has-post-thumbnail","category-kuulsused","tag-celebrities","tag-derek-leheste","tag-ee","tag-eesti","tag-eesti-keel","tag-entertainment","tag-estonia","tag-estonian","tag-kuulsused","tag-meelelahutus"],"share_on_mastodon":{"url":"https:\/\/pubeurope.com\/@ee\/116697135062436179","error":""},"_links":{"self":[{"href":"https:\/\/www.europesays.com\/ee\/wp-json\/wp\/v2\/posts\/196095","targetHints":{"allow":["GET"]}}],"collection":[{"href":"https:\/\/www.europesays.com\/ee\/wp-json\/wp\/v2\/posts"}],"about":[{"href":"https:\/\/www.europesays.com\/ee\/wp-json\/wp\/v2\/types\/post"}],"author":[{"embeddable":true,"href":"https:\/\/www.europesays.com\/ee\/wp-json\/wp\/v2\/users\/2"}],"replies":[{"embeddable":true,"href":"https:\/\/www.europesays.com\/ee\/wp-json\/wp\/v2\/comments?post=196095"}],"version-history":[{"count":0,"href":"https:\/\/www.europesays.com\/ee\/wp-json\/wp\/v2\/posts\/196095\/revisions"}],"wp:featuredmedia":[{"embeddable":true,"href":"https:\/\/www.europesays.com\/ee\/wp-json\/wp\/v2\/media\/196096"}],"wp:attachment":[{"href":"https:\/\/www.europesays.com\/ee\/wp-json\/wp\/v2\/media?parent=196095"}],"wp:term":[{"taxonomy":"category","embeddable":true,"href":"https:\/\/www.europesays.com\/ee\/wp-json\/wp\/v2\/categories?post=196095"},{"taxonomy":"post_tag","embeddable":true,"href":"https:\/\/www.europesays.com\/ee\/wp-json\/wp\/v2\/tags?post=196095"}],"curies":[{"name":"wp","href":"https:\/\/api.w.org\/{rel}","templated":true}]}}