{"id":196156,"date":"2026-06-05T11:55:16","date_gmt":"2026-06-05T11:55:16","guid":{"rendered":"https:\/\/www.europesays.com\/ee\/196156\/"},"modified":"2026-06-05T11:55:16","modified_gmt":"2026-06-05T11:55:16","slug":"eestlannade-kevad-catanias-palju-penalteid-tiimi-suure-unistuse-taitmine-ja-enneolematud-emotsioonid-soccernet-ee","status":"publish","type":"post","link":"https:\/\/www.europesays.com\/ee\/196156\/","title":{"rendered":"Eestlannade kevad Catanias: palju penalteid, tiimi suure unistuse t\u00e4itmine ja enneolematud emotsioonid &#8211; Soccernet.ee"},"content":{"rendered":"<p><img decoding=\"async\" src=\"https:\/\/www.europesays.com\/ee\/wp-content\/uploads\/2026\/06\/1780654827.jpg\" alt=\"Kristina Teern, Mari Liis Lillem\u00e4e ja Liselle Palts Catania s\u00e4rgis v\u00f5idumedalitega. Foto: Eesti naiste jalgpall \/ Facebook\"\/>&#13;\n<\/p>\n<p>Kolm Eesti naistekoondislast &#8211; Mari Liis Lillem\u00e4e (25), Liselle Palts (20), Kristina Teern (21) &#8211; aitasid Catanial t\u00f5usta Itaalia Serie B-sse. Nende Soccernet.ee-le r\u00e4\u00e4gitud jutust tuleb v\u00e4lja, et hooaja l\u00f5pp sisaldas penaltite rohket harjutamist, tiimi suure unistuse t\u00e4itmist ja v\u00f5imsaid emotsioone.<\/p>\n<p>Serie C 48 naiskonnast p\u00e4\u00e4ses j\u00e4rgmiseks hooajaks astme v\u00f5rra k\u00f5rgemale ainult kaks. Tiimid olid jaotatud nelja 12-liikmelisse tsooni, Catania asus l\u00f5unapoolseimas D-tsoonis. Igast liigatsoonist p\u00e4\u00e4ses kaks parimat \u00fcleminekum\u00e4ngude poolfinaalidesse. Tsoonide esikoha omanikud said poolfinaalideks koduv\u00e4ljakueelise ning nendele piisas seal viigist, tsooni teise koha omanikud pidid v\u00f5\u00f5rsil v\u00f5itma.&#13;\n<\/p>\n<p>S\u00fcsteem oli seega karm &#8211; maksimaalselt edukas esinemine terve p\u00f5hihooaja v\u00e4ltel ei garanteeri veel Serie B-sse t\u00f5usmist, vaid viib \u00fcleminekum\u00e4ngudele, kus tuleb v\u00e4lja l\u00fclitada veel kaks vastast. Catania sai t\u00f5usmisega hakkama, saavutades oma liigatsoonis esikoha, alistades \u00fcleminekum\u00e4ngude poolfinaalis Real Meda 1:0 ning otsustavas finaalis S\u00fcdtiroli penaltitega.&#13;\n<\/p>\n<p>Paralleelselt oli Catania edukas ka Serie C karikav\u00f5istlustel, kus poolfinaali Nuova Alba vastu penaltitega v\u00f5itis, aga finaali Pro Sesto vastu penaltitega kaotas.<\/p>\n<p>Kolm eestlannat siirdusid Tallinna Florast Cataniasse detsembris ehk Itaalia m\u00f5istes poole hooaja pealt. Nad k\u00f5ik olid hooaja teises pooles Catanias p\u00f5him\u00e4ngijad. R\u00fcndaja Teern l\u00f5i naiskonna resultatiivseimana liigas 13 v\u00e4ravat, wing-back Lillem\u00e4e resultatiivsuselt kolmandana 7 v\u00e4ravat. Kontrollivamas rollis poolkaitsja Palts sai tabamusi enda nimele \u00fche, kuid realiseeris m\u00e4nguj\u00e4rgse penalti nii karikafinaalis kui ka \u00fcleminekum\u00e4ngude finaalis.&#13;\n<\/p>\n<p>\u00d5nn ja v\u00e4ravavahi supert\u00f5rjed aitasid&#13;\n<\/p>\n<p>&#8220;Meid v\u00f5eti Catanias suhteliselt kiirelt omaks, t\u00e4nu sellele l\u00e4ks sissesulandumine kiiresti. Enamus jutud olid k\u00fcll itaalia keeles, aga meile t\u00f5lgiti,&#8221; r\u00e4\u00e4kis Teern.\u00a0&#8220;Midagi sellist, et l\u00f6\u00f6n 13 v\u00e4ravat, ei osanud ma sinna minnes oodata. Oli olukordi, kust oleksin v\u00f5inud veelgi v\u00e4ravaid l\u00fc\u00fca, aga kindlasti saan olla rahul.&#8221;&#13;\n<\/p>\n<p>Catanial oli maikuus t\u00e4pselt n\u00e4dalaste vahedega neli s\u00f5elm\u00e4ngu: 3. mail karika poolfinaal, 10. mail \u00fcleminekum\u00e4ngude poolfinaal, 17. mail karikafinaal ja 24. mail \u00fcleminekum\u00e4ngude finaal.<\/p>\n<p>&#8220;T\u00e4nu sellele, et meil l\u00e4ks h\u00e4sti ka karikas, saime igan\u00e4dalaselt m\u00e4ngida. Ma arvan, et see aitas \u00fcleminekum\u00e4ngu finaali ettevalmistusele kaasa,&#8221; m\u00e4rkis Teern.&#13;\n<\/p>\n<p>Kui karikafinaal penaltitega kaotati, siis pead norgu ei lastud. &#8220;Pigem andis see just indu juurde,&#8221; lausus Palts.&#13;\n<\/p>\n<p><img decoding=\"async\" src=\"https:\/\/www.europesays.com\/ee\/wp-content\/uploads\/2026\/06\/1780619806.jpg\" alt=\"Catania naiskond kindlustas p\u00e4\u00e4su Serie B-sse. Foto: ekraanit\u00f5mmis\"\/>&#13;\n<\/p>\n<p>\u00dcleminekum\u00e4ngude finaali eel eestlannad v\u00f5istkonna sees \u00e4revustunde kasvu ei t\u00e4heldanud.\u00a0&#8220;Kusjuures mulle tundus, et enne liigam\u00e4nge, kus vajasime punkte, oli olnud trennides pingelisem. L\u00f5pupoole oli tunda isegi natuke muretumat suhtumist. V\u00f5ib-olla nad ei n\u00e4idanud sisemist pinget v\u00e4lja. Trennide \u00fclesehitus j\u00e4i samaks,&#8221; kommenteeris Lillem\u00e4e.<\/p>\n<p>\u00dcleminekum\u00e4ngude finaalis tabas vastasv\u00f5istkond S\u00fcdtirol juba esimesel minutil posti. Teern tunnistas, et hoidis seda olukorda kaugelt vaadates korraks hinge kinni. Palts t\u00f5des, et see hetk ehmatas k\u00fcll \u00e4ra, aga p\u00f5dema ei saanud j\u00e4\u00e4da.&#13;\n<\/p>\n<p>&#8220;Vastastel oli tegelikult v\u00e4ga palju rohkem v\u00f5imalusi kui meil. Meie v\u00e4ravavaht tegi superm\u00e4ngu, tassis meid v\u00e4ga heade t\u00f5rjetega,&#8221; kiitis Lillem\u00e4e. Paltsi s\u00f5nul tegid ka eestlannad ise hea esituse.&#13;\n<\/p>\n<p>&#8220;K\u00f5ik r\u00e4\u00e4kisid, et p\u00f5hja pool on tugevamad tiimid kui meil l\u00f5unas,&#8221; m\u00e4rkis Lillem\u00e4e. &#8220;Play-off-m\u00e4ngudes, alates karika poolfinaalist, olidki vastased k\u00f5ige raskemad. P\u00f5him\u00f5tteliselt oleksid need m\u00e4ngud v\u00f5inud m\u00f5lemalepoole minna, meil oli \u00f5nne ka.&#8221;&#13;\n<\/p>\n<p>Pingeline penalti&#13;\n<\/p>\n<p>Catania neljast maikuisest s\u00f5elm\u00e4ngust kolm venisid penaltiseeriasse. Lillem\u00e4e s\u00f5nul harjutas naiskond sellel perioodil penalteid p\u00e4ris palju ka trennis.<\/p>\n<p>Karika poolfinaali ajal oli Palts vigastatud. Ainsa eestlannana l\u00e4ks Nuova Alba vastu penaltipunkti juurde Teern, kes oli Catania seitsmes l\u00f6\u00f6ja ja sahistas v\u00f5rku.\u00a0&#8220;Mina karika poolfinaalis ei tahtnud l\u00fc\u00fca, sest olin just eelmisel p\u00e4eval trennis pannud m\u00f6\u00f6da. Lisaks oli mul rohke jooksmisega raske m\u00e4ng jalgades. Teistes m\u00e4ngudes oleksin olnud valmis l\u00f6\u00f6ma, aga treenerid panid seal l\u00f6\u00f6jad paika,&#8221; selgitas Lillem\u00e4e.&#13;\n<\/p>\n<p>Nii karikafinaalis kui ka \u00fcleminekum\u00e4ngude finaalis sooritas ainsa eestlannana penaltit Palts, kes oli m\u00f5lemal korral t\u00e4pne (Teern vahetati \u00fcleminekum\u00e4ngude finaalis enne l\u00f5ppu v\u00e4lja).&#13;\n<\/p>\n<p>&#8220;Treenerid lihtsalt k\u00fcsisid, kas tahan l\u00fc\u00fca, ma \u00fctlesin &#8220;jaa&#8221;. Pikemat m\u00f5tlemist seal ei olnud,&#8221; tutvustas Palts otsustusprotsessi. Viimases finaalmat\u0161is Catania naiskonna teise l\u00f6\u00f6jana penaltipunkti juures k\u00e4imist kirjeldas ta nii: &#8220;Sinna minnes oli v\u00e4ga suur pinge. Samuti oli sealt \u00e4ra tulles v\u00e4ga suur pingelangus. Penalti peab ikka \u00e4ra l\u00f6\u00f6ma &#8211; suur v\u00e4rav, v\u00e4ike distants.&#8221;&#13;\n<\/p>\n<p>&#8220;Liselle \u00fctles mulle, et natuke pinget v\u00f5ttis maha see, et enne teda just meie v\u00e4ravavaht tegi hea t\u00f5rje,&#8221; lisas Lillem\u00e4e, viidates sellele, et Catania oli juba penaltiseeria avavoorus juhtima p\u00e4\u00e4senud.<\/p>\n<p>Endised tiimikaaslased kohapeal toetamas&#13;\n<\/p>\n<p>\u00dcleminekum\u00e4ngude finaali v\u00f5itu peavad eestlannad m\u00f5istagi Catania-perioodi tipphetkeks. &#8220;Sellist emotsiooni ei ole ma arvatavasti \u00fcldse varem jalgpallis kogenud!&#8221; \u00fctles Palts, kelle jaoks on Catania karj\u00e4\u00e4ri esimene v\u00e4lisklubi.&#13;\n<\/p>\n<blockquote class=\"instagram-media\" data-instgrm-captioned=\"\" data-instgrm-permalink=\"https:\/\/www.instagram.com\/p\/DYunXGwiRX9\/?utm_source=ig_embed&amp;utm_campaign=loading\" data-instgrm-version=\"14\" style=\" background:#FFF; border:0; border-radius:3px; box-shadow:0 0 1px 0 rgba(0,0,0,0.5),0 1px 10px 0 rgba(0,0,0,0.15); margin: 1px; max-width:540px; min-width:326px; padding:0; width:99.375%; width:-webkit-calc(100% - 2px); width:calc(100% - 2px);\"><p>&#13;<br \/>\n&#13;\n<\/p><\/blockquote>\n<p>&#8220;Megatore oli ka see, et [Eesti koondise peatreener] Aleksandra \u0160evoldajeva ning endised Flora tiimikaaslased Kelly [Rosen] ja [Kristiina] Tullus tulid m\u00e4ngu vaatama. See andis v\u00e4ga palju juurde,&#8221; muljetas Lillem\u00e4e.&#13;\n<\/p>\n<p>&#8220;Catania naiskonna jaoks oli Serie B-sse t\u00f5usmine suur-suur unistus, mida nad polnud kunagi suutnud. See oli nende jaoks v\u00e4ga oluline.&#8221;&#13;\n<\/p>\n<p>Catania klubi organiseeris v\u00f5idu j\u00e4rel \u00fche suure \u00f5htus\u00f6\u00f6gi ja m\u00e4ngijad t\u00e4histasid natuke ka tiimikaaslaste keskis v\u00e4ljas. Kas Itaalia satsi t\u00e4histamine oli p\u00f6\u00f6rasem, kui v\u00f5rrelda n\u00e4iteks Flora tiitlipidustustega kodumaal? Intervjueeritavate jutust selgus, et mitte. &#8220;Eestlased on ka tegelikult suured t\u00e4histajad!&#8221; teatas Lillem\u00e4e, kelle s\u00f5nu Palts kiiresti kinnitas.&#13;\n<\/p>\n<p>Eestlannade s\u00f5nul oldi nendega Catanias k\u00fcll rahul, aga p\u00f5hjalikumat personaalset tagasisidet hooaja j\u00e4rel ei antud. &#8220;Seal ei olnud \u00fcle\u00fcldse v\u00e4ga palju individuaalset l\u00e4henemist,&#8221; t\u00e4psustas Lillem\u00e4e. Palts lisas: &#8220;Pigem oli lihtsalt kambavaimuga suure tahte pealt m\u00e4ngudele minek.&#8221;&#13;\n<\/p>\n<p>Edukas hooaeg on n\u00fc\u00fcd l\u00e4bi, mis edasi? Teern oli juba aprillis avaldanud, et sooviks v\u00f5imaluse korral Catanias j\u00e4tkata. Aga \u00fckski eestlanna ei oska endiselt kinnitada, kas j\u00e4tkab samas klubis v\u00f5i mitte.&#13;\n<\/p>\n<p>Hetkel keskenduvad m\u00e4ngijad Eesti koondise MM-valikmat\u0161idele Liechtensteini ning Bosnia ja Hertsegoviina vastu. Bosnial on kaks vooru enne l\u00f5ppu alagrupi liidrina 9 punkti, Eestil t\u00e4nu eelmise koondiseakna m\u00f5lema valikkohtumise v\u00f5idule 7 punkti, Leedul kolmandana samuti 7 ja Liechtensteinil 0.&#13;\n<\/p>\n<p>&#8220;Eelmisest laagrist on meil v\u00e4ga hea emotsioon all. Hea koht, kust alustada uut laagrit. Kuna Leedu v\u00f5itis Bosniat, siis usun, et ka meil on samasugune v\u00f5imalus Bosniat v\u00f5ita, kuigi m\u00e4ng nendega tuleb muidugi v\u00e4ga raske,&#8221; arutles Lillem\u00e4e.&#13;\n<\/p>\n<p>Eesti kohtub v\u00f5\u00f5rsil Vaduzis Liechtensteiniga t\u00e4na kell 20.00 ning P\u00e4rnu Rannastaadionil Bosniaga teisip\u00e4eval kell 20.00. M\u00f5lemast kohtumisest n\u00e4itab otsepilti Soccernet TV.&#13;\n<\/p>\n<p><script async src=\"\/\/www.instagram.com\/embed.js\"><\/script><\/p>\n","protected":false},"excerpt":{"rendered":"&#13; Kolm Eesti naistekoondislast &#8211; Mari Liis Lillem\u00e4e (25), Liselle Palts (20), Kristina Teern (21) &#8211; aitasid Catanial&hellip;\n","protected":false},"author":2,"featured_media":196157,"comment_status":"","ping_status":"","sticky":false,"template":"","format":"standard","meta":{"footnotes":"","_share_on_mastodon":"0"},"categories":[18],"tags":[32388,73823,37,33,35,34,36,1665,13852,29588,9397,73824,28977,159,158,1668],"class_list":["post-196156","post","type-post","status-publish","format-standard","has-post-thumbnail","category-sport","tag-catania","tag-catania-naiskond","tag-ee","tag-eesti","tag-eesti-keel","tag-estonia","tag-estonian","tag-kristina-teern","tag-lillemae","tag-liselle-palts","tag-mari-liis-lillemae","tag-naiste-serie-c","tag-palts","tag-sport","tag-sports","tag-teern"],"share_on_mastodon":{"url":"https:\/\/pubeurope.com\/@ee\/116697374952119229","error":""},"_links":{"self":[{"href":"https:\/\/www.europesays.com\/ee\/wp-json\/wp\/v2\/posts\/196156","targetHints":{"allow":["GET"]}}],"collection":[{"href":"https:\/\/www.europesays.com\/ee\/wp-json\/wp\/v2\/posts"}],"about":[{"href":"https:\/\/www.europesays.com\/ee\/wp-json\/wp\/v2\/types\/post"}],"author":[{"embeddable":true,"href":"https:\/\/www.europesays.com\/ee\/wp-json\/wp\/v2\/users\/2"}],"replies":[{"embeddable":true,"href":"https:\/\/www.europesays.com\/ee\/wp-json\/wp\/v2\/comments?post=196156"}],"version-history":[{"count":0,"href":"https:\/\/www.europesays.com\/ee\/wp-json\/wp\/v2\/posts\/196156\/revisions"}],"wp:featuredmedia":[{"embeddable":true,"href":"https:\/\/www.europesays.com\/ee\/wp-json\/wp\/v2\/media\/196157"}],"wp:attachment":[{"href":"https:\/\/www.europesays.com\/ee\/wp-json\/wp\/v2\/media?parent=196156"}],"wp:term":[{"taxonomy":"category","embeddable":true,"href":"https:\/\/www.europesays.com\/ee\/wp-json\/wp\/v2\/categories?post=196156"},{"taxonomy":"post_tag","embeddable":true,"href":"https:\/\/www.europesays.com\/ee\/wp-json\/wp\/v2\/tags?post=196156"}],"curies":[{"name":"wp","href":"https:\/\/api.w.org\/{rel}","templated":true}]}}