{"id":196206,"date":"2026-06-05T12:49:09","date_gmt":"2026-06-05T12:49:09","guid":{"rendered":"https:\/\/www.europesays.com\/ee\/196206\/"},"modified":"2026-06-05T12:49:09","modified_gmt":"2026-06-05T12:49:09","slug":"video-kroonika-galal-esitasid-maarja-liis-ilus-ja-ivo-linna-legendaarse-kaelakee-haale-loo-2","status":"publish","type":"post","link":"https:\/\/www.europesays.com\/ee\/196206\/","title":{"rendered":"VIDEO | Kroonika galal esitasid Maarja-Liis Ilus ja Ivo Linna legendaarse \u201eKaelakee h\u00e4\u00e4le\u201c loo"},"content":{"rendered":"<p>Pala \u201eKaelakee h\u00e4\u00e4l\u201c esindas Eestit Eurovisioni lauluv\u00f5istlusel 1996. aastal. Laulu esitasid Maarja-Liis Ilus ja Ivo Linna. Muusika autor on Priit Pajusaar ja legendaarse loo s\u00f5nad kirjutas Kaari Sillamaa. <\/p>\n<p>Tolle aasta Eurovision toimus Norras Oslos. Ivo ja Maarja-Liisi esitatud laul t\u00f5i Eestile 5. koha. Tegemist oli esimese Eesti lauluga, mis j\u00f5udis Eurovisionil k\u00fcmne parima sekka.<\/p>\n<p>Eile tuli eestlastele s\u00fcdamesse pugenud pala esitusele Kroonika meelelahutusauhindade galal. Nii \u201eKaelakee h\u00e4\u00e4le\u201c kui ka Kroonika s\u00fcnnist t\u00e4itub t\u00e4navu 30 aastat. <a rel=\"noopener nofollow\" target=\"_blank\" href=\"https:\/\/www.delfi.ee\/teema\/96878556\/haven-kakumae-1\" tag-id=\"96878556\">Haven Kakum\u00e4el<\/a> toimunud peol tulid lavale Maarja-Liis ja Ivo ning esitasid oma legendaarse loo. K\u00fclalised ja kohalviibijad t\u00f5usid oma laudade tagant p\u00fcsti ja asusid lugu kaasa laulma. Nii m\u00f5nigi k\u00fclastaja tantsis hoogsalt loole kaasa, teised \u00f5\u00f5tsusid m\u00f5nusalt muusika r\u00fctmis.<\/p>\n<p>Ivo ja Maarja-Liis esitasid koos b\u00e4ndiga lugu ja nautisid laval olemist t\u00e4iel rinnal. Loo l\u00f5pus ilmus Ivo k\u00e4tte punane kaelakee, mille ta Maarja-Liisile ulatas. Ivo ja Maarja-Liis embasid loo l\u00f5pus laval ning publikult p\u00e4lvisid nad valju aplausi. <\/p>\n<p>Kroonika gala otse\u00fclekannet said televaatajad vaadata <a rel=\"noopener nofollow\" target=\"_blank\" href=\"https:\/\/www.delfi.ee\/teema\/22839051\/tv3\" tag-id=\"22839051\">TV3<\/a> vahendusel. <\/p>\n<p>Kuidas see lugu Sind end tundma pani? Saada <a href=\"https:\/\/kroonika.delfi.ee\/artikkel\/120588865\/video-kroonika-galal-esitasid-maarja-liis-ilus-ja-ivo-linna-legendaarse-kaelakee-haale-loo\/kommentaarid\" class=\"article-body-bottom__comment article-body-bottom__comment--write button button--primary button--size-auto\" rel=\"nofollow noopener\" target=\"_blank\"> Kommenteeri <\/a><a href=\"https:\/\/kroonika.delfi.ee\/artikkel\/120588865\/video-kroonika-galal-esitasid-maarja-liis-ilus-ja-ivo-linna-legendaarse-kaelakee-haale-loo\/kommentaarid\" class=\"article-body-bottom__comment article-body-bottom__comment--read button button--size-auto\" rel=\"nofollow noopener\" target=\"_blank\"> Loe kommentaare (3)<\/a><\/p>\n","protected":false},"excerpt":{"rendered":"Pala \u201eKaelakee h\u00e4\u00e4l\u201c esindas Eestit Eurovisioni lauluv\u00f5istlusel 1996. aastal. Laulu esitasid Maarja-Liis Ilus ja Ivo Linna. Muusika autor&hellip;\n","protected":false},"author":2,"featured_media":196189,"comment_status":"","ping_status":"","sticky":false,"template":"","format":"standard","meta":{"footnotes":"","_share_on_mastodon":"0"},"categories":[16],"tags":[37,33,35,173,34,36,82620,17654,82909,17653,140,257],"class_list":["post-196206","post","type-post","status-publish","format-standard","has-post-thumbnail","category-meelelahutus","tag-ee","tag-eesti","tag-eesti-keel","tag-entertainment","tag-estonia","tag-estonian","tag-haven-kakumae","tag-ivo-linna","tag-kaelakee-haal","tag-maarja-liis-ilus","tag-meelelahutus","tag-tv3"],"share_on_mastodon":{"url":"https:\/\/pubeurope.com\/@ee\/116697587007282858","error":""},"_links":{"self":[{"href":"https:\/\/www.europesays.com\/ee\/wp-json\/wp\/v2\/posts\/196206","targetHints":{"allow":["GET"]}}],"collection":[{"href":"https:\/\/www.europesays.com\/ee\/wp-json\/wp\/v2\/posts"}],"about":[{"href":"https:\/\/www.europesays.com\/ee\/wp-json\/wp\/v2\/types\/post"}],"author":[{"embeddable":true,"href":"https:\/\/www.europesays.com\/ee\/wp-json\/wp\/v2\/users\/2"}],"replies":[{"embeddable":true,"href":"https:\/\/www.europesays.com\/ee\/wp-json\/wp\/v2\/comments?post=196206"}],"version-history":[{"count":0,"href":"https:\/\/www.europesays.com\/ee\/wp-json\/wp\/v2\/posts\/196206\/revisions"}],"wp:featuredmedia":[{"embeddable":true,"href":"https:\/\/www.europesays.com\/ee\/wp-json\/wp\/v2\/media\/196189"}],"wp:attachment":[{"href":"https:\/\/www.europesays.com\/ee\/wp-json\/wp\/v2\/media?parent=196206"}],"wp:term":[{"taxonomy":"category","embeddable":true,"href":"https:\/\/www.europesays.com\/ee\/wp-json\/wp\/v2\/categories?post=196206"},{"taxonomy":"post_tag","embeddable":true,"href":"https:\/\/www.europesays.com\/ee\/wp-json\/wp\/v2\/tags?post=196206"}],"curies":[{"name":"wp","href":"https:\/\/api.w.org\/{rel}","templated":true}]}}