{"id":196324,"date":"2026-06-05T14:53:09","date_gmt":"2026-06-05T14:53:09","guid":{"rendered":"https:\/\/www.europesays.com\/ee\/196324\/"},"modified":"2026-06-05T14:53:09","modified_gmt":"2026-06-05T14:53:09","slug":"iraan-tulistas-omaani-lahes-kahe-usa-laeva-suunas-hoiatusrakette-valismaa","status":"publish","type":"post","link":"https:\/\/www.europesays.com\/ee\/196324\/","title":{"rendered":"Iraan tulistas Omaani lahes kahe USA laeva suunas hoiatusrakette | V\u00e4lismaa"},"content":{"rendered":"<p>Iraani s\u00f5jav\u00e4gi teatas reedel riikliku meedia vahendusel, et tulistas Omaani lahes kahe USA laeva suunas hoiatusrakette, sundides aluseid piirkonnast lahkuma.<\/p>\n<p>Riikliku uudisteagentuuri IRNA edastatud avalduses \u00f6eldakse, et kaks h\u00e4vitajat lahkus Omaani lahest p\u00e4rast seda, kui &#8220;Iraani v\u00e4gi tulistas hoiatusrakette&#8221;.<\/p>\n<p>S\u00f5jav\u00e4e teatel oli operatsioon vastuseks &#8220;\u00dchendriikide terroristlike merev\u00e4ej\u00f5udude poolt toime pandud meres\u00f5idualastele rikkumistele ja ahistamisele ning kaubalaevade ja naftatankerite kaaperdamisele&#8221;.<\/p>\n<p>USA keskv\u00e4ejuhatus (Centcom) eitas kiiresti intsidendi toimumist.<\/p>\n<p>&#8220;Iraani v\u00e4ed EI r\u00fcnnanud ega tulistanud USA merev\u00e4e s\u00f5jalaevu. See oleks relvarahu r\u00e4nk rikkumine.&#8221;<\/p>\n<p>Keskv\u00e4ejuhatus teatas, et nende v\u00e4ed &#8220;j\u00e4tkavad vaba tegutsemist piirkondlikes vetes&#8221; ja j\u00f5ustavad USA vastublokaadi Iraani sadamatele.<\/p>\n<p>Tegemist on v\u00e4rskeima vahejuhtumiga, mis on k\u00f5igutanud 8. aprillil v\u00e4lja kuulutatud relvarahu, mis on suures osas peatanud vaenutegevuse Iraani ning \u00dchendriikide ja Iisraeli vahel p\u00e4rast 28. veebruaril puhkenud s\u00f5da, kui liitlasv\u00e4ed r\u00fcndasid Iraani.<\/p>\n<p>P\u00fc\u00fcdlused s\u00f5ja l\u00f5petamiseks otseste ja vahendatud k\u00f5neluste kaudu on seni eba\u00f5nnestunud.<\/p>\n<p>USA v\u00e4lisminister Marco Rubio \u00fctles kolmap\u00e4eval, et Washington &#8220;ei vii enam l\u00e4bi pidevaid r\u00fcnnakuid&#8221; Iraani vastu, kuna operatsioon Epic Fury on l\u00f5ppenud.<\/p>\n<p>Ta lisas, et \u00dchendriigid on h\u00e4vitanud selle, mis Iraanil oli \u00f5huj\u00f5ududest alles j\u00e4\u00e4nud, ning samuti kogu nende tavap\u00e4rase merev\u00e4e.<\/p>\n<p>Iraan on alates s\u00f5ja puhkemisest kehtestanud mereblokaadi Hormuzi v\u00e4inale, strateegilisele veeteele, mis \u00fchendab P\u00e4rsia lahte India ookeaniga.<\/p>\n<p>\u00dchendriigid kehtestasid hiljem oma blokaadi Iraani sadamatele.<\/p>\n","protected":false},"excerpt":{"rendered":"Iraani s\u00f5jav\u00e4gi teatas reedel riikliku meedia vahendusel, et tulistas Omaani lahes kahe USA laeva suunas hoiatusrakette, sundides aluseid&hellip;\n","protected":false},"author":2,"featured_media":196325,"comment_status":"","ping_status":"","sticky":false,"template":"","format":"standard","meta":{"footnotes":"","_share_on_mastodon":"0"},"categories":[80],"tags":[26,27,37,33,35,34,36,31,32,21,46527,56098,28,29,95,19,25,82938,23,24,22,20441,20,30,92,93,94],"class_list":["post-196324","post","type-post","status-publish","format-standard","has-post-thumbnail","category-maailm","tag-breaking-news","tag-breakingnews","tag-ee","tag-eesti","tag-eesti-keel","tag-estonia","tag-estonian","tag-featured-news","tag-featurednews","tag-headlines","tag-hormuzi-vain","tag-iraani-soda","tag-latest-news","tag-latestnews","tag-maailm","tag-news","tag-populaarseimad-lood","tag-rahulabiraakimised-iraanis","tag-top-stories","tag-topstories","tag-uldised-uudised","tag-usa-merevagi","tag-uudised","tag-viimased-uudised","tag-world","tag-world-news","tag-worldnews"],"share_on_mastodon":{"url":"https:\/\/pubeurope.com\/@ee\/116698074714420575","error":""},"_links":{"self":[{"href":"https:\/\/www.europesays.com\/ee\/wp-json\/wp\/v2\/posts\/196324","targetHints":{"allow":["GET"]}}],"collection":[{"href":"https:\/\/www.europesays.com\/ee\/wp-json\/wp\/v2\/posts"}],"about":[{"href":"https:\/\/www.europesays.com\/ee\/wp-json\/wp\/v2\/types\/post"}],"author":[{"embeddable":true,"href":"https:\/\/www.europesays.com\/ee\/wp-json\/wp\/v2\/users\/2"}],"replies":[{"embeddable":true,"href":"https:\/\/www.europesays.com\/ee\/wp-json\/wp\/v2\/comments?post=196324"}],"version-history":[{"count":0,"href":"https:\/\/www.europesays.com\/ee\/wp-json\/wp\/v2\/posts\/196324\/revisions"}],"wp:featuredmedia":[{"embeddable":true,"href":"https:\/\/www.europesays.com\/ee\/wp-json\/wp\/v2\/media\/196325"}],"wp:attachment":[{"href":"https:\/\/www.europesays.com\/ee\/wp-json\/wp\/v2\/media?parent=196324"}],"wp:term":[{"taxonomy":"category","embeddable":true,"href":"https:\/\/www.europesays.com\/ee\/wp-json\/wp\/v2\/categories?post=196324"},{"taxonomy":"post_tag","embeddable":true,"href":"https:\/\/www.europesays.com\/ee\/wp-json\/wp\/v2\/tags?post=196324"}],"curies":[{"name":"wp","href":"https:\/\/api.w.org\/{rel}","templated":true}]}}