{"id":196370,"date":"2026-06-05T16:24:32","date_gmt":"2026-06-05T16:24:32","guid":{"rendered":"https:\/\/www.europesays.com\/ee\/196370\/"},"modified":"2026-06-05T16:24:32","modified_gmt":"2026-06-05T16:24:32","slug":"koalitsioon-plaanib-err-i-noukogu-suurendamise-juunis-ara-teha-eesti","status":"publish","type":"post","link":"https:\/\/www.europesays.com\/ee\/196370\/","title":{"rendered":"Koalitsioon plaanib ERR-i n\u00f5ukogu suurendamise juunis \u00e4ra teha | Eesti"},"content":{"rendered":"<p>Riigikogu kultuurikomisjon arutas neljap\u00e4eval eeln\u00f5u, mis suurendaks ERR-i n\u00f5ukogu liikmete arvu ning otsustas saata selle riigikokku teisele ja kolmandale lugemisele. Kava kohaselt v\u00f5iks riigikogu seaduse vastu v\u00f5tta 17. juunil.<\/p>\n<p>Kultuurikomisjoni esimees, reformierakondlane Liina Kersna \u00fctles, et neljap\u00e4evasel istungil arutas kultuurikomisjon viite ettepanekut.<\/p>\n<p>Esmalt, et n\u00f5ukogus oleks \u00fcks ekspertliige rohkem, kui on sinna fraktsioonidest nimetatud. Kersna s\u00f5nul ei toetanud seda ettepanekut Vadim Belobrovtsev Keskerakonnast, komisjoni aseesimees T\u00f5nis Lukas Isamaast j\u00e4ttis h\u00e4\u00e4letamata ja Helle-Moonika Helme EKRE-st istungil ei osalenud.<\/p>\n<p>Ettepanekut toetasid lisaks Kersnale Signe Kivi ja Margit Sutrop Reformierakonnast, Kadri Tali Eesti 200-st ja Madis Kallas opositsioonis olevast Sotsiaaldemokraatlikust Erakonnast.<\/p>\n<p>Lisaks arutas kultuurikomisjon ettepanekuid, et eksperte tuleks leida avaliku konkursi kaudu; et ekspert ei tohi olla erakonna juhtorgani liige. Neid k\u00f5ik kohaletulnud Kersna s\u00f5nul toetasid.<\/p>\n<p>Samuti toetati ettepanekut, et n\u00f5ukogu liige v\u00f5ib olla m\u00f5ne teise meediamajaga lepingulistes suhetes, nii kaua, kui ta ei ole otsustaval kohal. Lisaks ei makstaks tulevikus n\u00f5ukogu liikmetele tasu, kui nad n\u00f5ukogu koosolekul ei osale v\u00f5i koosolekuid ei toimu.<\/p>\n<p>Kultuurikomisjon suunas Eesti Rahvusringh\u00e4\u00e4lingu seaduse muutmise eeln\u00f5u teisele lugemisele 10. juuniks ja tegi ettepaneku teine lugemine l\u00f5petada ning v\u00f5tta eeln\u00f5u t\u00e4iskogu p\u00e4evakorda ja viia l\u00e4bi l\u00f5pph\u00e4\u00e4letus 17. juunil.<\/p>\n<p>Eeln\u00f5u, millele kultuurikomisjon muudatusi teeb, algatasid sotsiaaldemokraadi. Algselt n\u00e4gi see vaid ette, et Eesti Rahvusringh\u00e4\u00e4lingu n\u00f5ukokku peab kuuluma v\u00e4hemalt \u00fcks naine.<\/p>\n<p>Opositsioon on n\u00e4inud n\u00f5ukogu muutmises koalitsiooni soovi mehitada n\u00f5ukogu endale sobivate inimestega. ERR-i n\u00f5ukogu peamiselt valib ERR-i juhtkonda ja kinnitab eelarved. Praeguse ERR-i juhtkonna ametiaeg saab l\u00e4bi j\u00e4rgmisel aastal.<\/p>\n","protected":false},"excerpt":{"rendered":"Riigikogu kultuurikomisjon arutas neljap\u00e4eval eeln\u00f5u, mis suurendaks ERR-i n\u00f5ukogu liikmete arvu ning otsustas saata selle riigikokku teisele ja&hellip;\n","protected":false},"author":2,"featured_media":196371,"comment_status":"","ping_status":"","sticky":false,"template":"","format":"standard","meta":{"footnotes":"","_share_on_mastodon":"0"},"categories":[5],"tags":[26,27,37,33,35,3061,2097,34,36,31,32,21,30079,28,29,11236,19,13130,999,25,643,640,23,24,22,20,30],"class_list":["post-196370","post","type-post","status-publish","format-standard","has-post-thumbnail","category-uldised-uudised","tag-breaking-news","tag-breakingnews","tag-ee","tag-eesti","tag-eesti-keel","tag-eesti-rahvusringhaaling","tag-err","tag-estonia","tag-estonian","tag-featured-news","tag-featurednews","tag-headlines","tag-kultuurikomisjon","tag-latest-news","tag-latestnews","tag-liina-kersna","tag-news","tag-noukogu","tag-poliitika","tag-populaarseimad-lood","tag-reformierakond","tag-riigikogu","tag-top-stories","tag-topstories","tag-uldised-uudised","tag-uudised","tag-viimased-uudised"],"share_on_mastodon":{"url":"https:\/\/pubeurope.com\/@ee\/116698432459356237","error":""},"_links":{"self":[{"href":"https:\/\/www.europesays.com\/ee\/wp-json\/wp\/v2\/posts\/196370","targetHints":{"allow":["GET"]}}],"collection":[{"href":"https:\/\/www.europesays.com\/ee\/wp-json\/wp\/v2\/posts"}],"about":[{"href":"https:\/\/www.europesays.com\/ee\/wp-json\/wp\/v2\/types\/post"}],"author":[{"embeddable":true,"href":"https:\/\/www.europesays.com\/ee\/wp-json\/wp\/v2\/users\/2"}],"replies":[{"embeddable":true,"href":"https:\/\/www.europesays.com\/ee\/wp-json\/wp\/v2\/comments?post=196370"}],"version-history":[{"count":0,"href":"https:\/\/www.europesays.com\/ee\/wp-json\/wp\/v2\/posts\/196370\/revisions"}],"wp:featuredmedia":[{"embeddable":true,"href":"https:\/\/www.europesays.com\/ee\/wp-json\/wp\/v2\/media\/196371"}],"wp:attachment":[{"href":"https:\/\/www.europesays.com\/ee\/wp-json\/wp\/v2\/media?parent=196370"}],"wp:term":[{"taxonomy":"category","embeddable":true,"href":"https:\/\/www.europesays.com\/ee\/wp-json\/wp\/v2\/categories?post=196370"},{"taxonomy":"post_tag","embeddable":true,"href":"https:\/\/www.europesays.com\/ee\/wp-json\/wp\/v2\/tags?post=196370"}],"curies":[{"name":"wp","href":"https:\/\/api.w.org\/{rel}","templated":true}]}}