{"id":196439,"date":"2026-06-05T18:03:15","date_gmt":"2026-06-05T18:03:15","guid":{"rendered":"https:\/\/www.europesays.com\/ee\/196439\/"},"modified":"2026-06-05T18:03:15","modified_gmt":"2026-06-05T18:03:15","slug":"jurgen-henn-oleme-tegelenud-baasasjadega-et-voimalikult-kiiresti-uhele-lainele-saada-soccernet-ee","status":"publish","type":"post","link":"https:\/\/www.europesays.com\/ee\/196439\/","title":{"rendered":"J\u00fcrgen Henn: oleme tegelenud baasasjadega, et v\u00f5imalikult kiiresti \u00fchele lainele saada &#8211; Soccernet.ee"},"content":{"rendered":"<p><img decoding=\"async\" src=\"https:\/\/www.europesays.com\/ee\/wp-content\/uploads\/2026\/06\/1780672523.jpg\" alt=\"J\u00fcrgen Henn. Foto: Liisi Troska \/ jalgpall.ee\"\/>&#13;\n<\/p>\n<p>Eesti koondise peatreener J\u00fcrgen Henn r\u00e4\u00e4kis enne Balti turniiri poolfinaali F\u00e4\u00e4ri saartega, et meeskond on ligi n\u00e4dal aega kestnud laagris keskendunud baasasjadele, sest paljud m\u00e4ngijad olid viimati koondises rohkem kui pool aastat tagasi.<\/p>\n<p>K\u00fcsimusele, kas k\u00f5ik m\u00e4ngijad on poolfinaalis F\u00e4\u00e4ri saarte vastu terved ja algkoosseisuk\u00f5lbulikud, vastas Henn, et \u00fche v\u00f5i kahe m\u00e4ngija olukord on poolfinaali eel lahtine, aga ta ei soovinud nimesid avaldada.&#13;\n<\/p>\n<p>&#8220;Selgub \u00f5htul p\u00e4rast meditsiinilist \u00fclevaatust. V\u00f5ib-olla \u00fcks-kaks m\u00e4ngijat ei ole p\u00e4ris sada protsenti ja peame otsustama, kas v\u00f5tame riski v\u00f5i mitte. Liigseid riske ei taha kindlasti v\u00f5tta, sest pink on piisavalt pikk, aga suures plaanis on meeskond v\u00e4ga h\u00e4sti treeninud. Oleme teinud paar v\u00e4ga tugevat trenni. \u00dcle\u00fcldiselt nii mentaalselt kui f\u00fc\u00fcsiliselt oleme h\u00e4sti valmis,&#8221; lausus Henn m\u00e4ngueelsel pressikonverentsil.&#13;\n<\/p>\n<p>&#8220;Ei saaks \u00f6elda, et nad on vigastatud. Kerged mured. Mai on olnud m\u00f5ningate m\u00e4ngijate jaoks tihe, m\u00f5nel on hooaja l\u00f5pp ja nad ei ole k\u00f5ikidest asjadest \u00e4ra taastunud. Pigem sellised asjad, mis vajavad manageerimist. T\u00e4na vaatame meditsiinipersonaliga \u00fcle ja otsustame, kui suur risk nende kasutamine on,&#8221; lisas peatreener.<\/p>\n<p>Henn m\u00e4rkis, kuna m\u00f5ned m\u00e4ngijad on klubihooaja juba l\u00f5petanud ja liitusid meeskonnaga pooleldi puhkusere\u017eiimilt, aga teistel hooaeg k\u00e4ib, siis treeneritele oli see keeruline. &#8220;On m\u00e4ngijaid, keda pole juba pool aastat n\u00e4inud, kes m\u00e4rtsis olid erinevatel p\u00f5hjustel k\u00f5rval. Pidime leidma \u00fchise keele ja \u00fchise hingamise. Selles laagris tegelesime rohkem baasasjadega, sest sellise koosseisuga on v\u00e4ga pikk paus olnud.&#8221;&#13;\n<\/p>\n<p>Mis on baasasjad? &#8220;Taktikaline m\u00f5istmine, kuidas liigume kaitses \u00fcle, kuidas hoida seal kompaktsust, millisel hetkel pressime, millisel hetkel langeme, kuidas positsioneerime kasti kaitsmisel ja nii edasi,&#8221; s\u00f5nas Henn. &#8220;Selle jaoks, et v\u00f5imalikult kiiresti \u00fchele lainele saada, on vaja neid baasasju korrata, kuni need on automaatsed. Seda oleme \u00fcritanud selles laagris teha.&#8221;&#13;\n<\/p>\n<p>Tema s\u00f5nul tulid baasasjad m\u00e4ngijatele kiiresti meelde. &#8220;V\u00e4ljakutse on hoida seda taset 90 minutit. Loomulikult ei ole enamik asju uued, aga see v\u00f5tab aega, et harjumus uuesti meelde tuletada. Paljudel m\u00e4ngijatel on koduklubides teistsugused reeglid. Nad on vaja v\u00f5imalikult h\u00e4sti meie r\u00fctmi tagasi tuua ja meelde tuletada, aga samas hoida asjad piisavalt lihtsad, et nad m\u00e4ngiksid vabalt ja emotsiooni pealt, et nad ei m\u00f5tleks liiga palju.&#8221;&#13;\n<\/p>\n<p>F\u00e4\u00e4ri saared &#8211; sirgjooneline meeskond<\/p>\n<p>Eesti on Balti turniiri tiitlikaitsja, sest kaks aastat tagasi saadi Henni juhendamisel poolfinaalis jagu F\u00e4\u00e4ri saartest ja finaalis Leedust. &#8220;Minu peas ei astu Eesti koondis kunagi v\u00e4ljakule mingi muu m\u00f5ttega kui maksimaalselt tulemust saada. Seda loomulikult meile ei kingita. Meie m\u00f5te on kaitsta tiitlit, olgu see maav\u00f5istlus v\u00f5i mingi s\u00f5prusturniir. Isegi kui vangerdatakse koosseisuga, siis treeneri eesm\u00e4rk on alati v\u00f5ita.&#8221;&#13;\n<\/p>\n<p><img decoding=\"async\" src=\"https:\/\/www.europesays.com\/ee\/wp-content\/uploads\/2026\/06\/1780672560.jpg\" alt=\"Foto: Liisi Troska \/ jalgpall.ee\"\/>&#13;\n<\/p>\n<p>Henn ei osanud ennustada, milliseks kujuneb m\u00e4ngupilt poolfinaalis, aga ta teab, kuidas F\u00e4\u00e4ri saarte koondis m\u00e4ngib. &#8220;V\u00e4ga motiveeritud, \u00fchtne, n\u00e4ljane ja r\u00fcnnakul sirgjooneline vastane, kes v\u00f5ib suure osa m\u00e4ngust olla kaitses kompaktne-t\u00f6\u00f6kas ja siis oodata oma v\u00f5imalust. Neil on paar v\u00e4ga heade omadustega m\u00e4ngijat, kellel on p\u00e4ris hea l\u00f6\u00f6k ja tsenderdus. Neil on pikkust, j\u00f5udu ja sirgjoonelisust, millele nad r\u00f5huvad palju. Nad m\u00e4ngivad kiirete \u00fcleminute peale ja nendeks peame olema valmis.&#8221;&#13;\n<\/p>\n<p>Eesti sai kaks aastat tagasi Henni juhendamisel F\u00e4\u00e4ri saartest 4:1 jagu. Kui palju on F\u00e4\u00e4ri saared selle aja jooksul muutunud? Eelmises MM-valiksarjas kogusid nad kaheksa m\u00e4nguga 12 punkti, alistades korra nii T\u0161ehhi kui ka Montenegro ning kaks korda Gibraltari. &#8220;Tundub, et nad on leidnud \u00fchise hingamise. Nad on formatsiooni muutnud ja m\u00e4ngivad selgelt viiese kaitseliiniga. Mingid asjad on neil paika loksunud ja ootame kindlasti rasket m\u00e4ngu. Valiksarjas valmistati suurtele palju peavalu,&#8221; s\u00f5nas Henn.<\/p>\n<p>Kas Balti turniiri v\u00f5itmine on parim ettevalmistus s\u00fcgiseseks Rahvuste liigaks, sest see annab emotsiooni? &#8220;Jah, v\u00f5itmine loomulikult, aga vahel kaotamine toob v\u00e4lja mingid n\u00f5rgad kohad. V\u00f5itmine teeb vahel liiga mugavaks ja peaidab mingisugused vajakaj\u00e4\u00e4mised \u00e4ra. Ma arvan, et neid n\u00e4iteid on k\u00fcll ja k\u00fcll, kus v\u00f5istkonna tuleb kasuks mingisugune \u00e4ratus v\u00f5i koputus,&#8221; nentis Henn.&#13;\n<\/p>\n<p>Kas F\u00e4\u00e4ri saared ja L\u00e4ti v\u00f5i Leedu on piisavalt tugevad vastased enne Rahvuste liigat? &#8220;M\u00e4nguliselt on nad suhteliselt samasse auku meiega. V\u00f5ib-olla sellest vaatest \u00fcks vastane kuluks \u00e4ra, kes oleks teistsugune v\u00e4ljakutse v\u00f5i kes m\u00e4ngiks teistsugust jalgpalli, aga proovime v\u00f5tta sellest maksimumi, mis meil on siin.&#8221;<\/p>\n","protected":false},"excerpt":{"rendered":"&#13; Eesti koondise peatreener J\u00fcrgen Henn r\u00e4\u00e4kis enne Balti turniiri poolfinaali F\u00e4\u00e4ri saartega, et meeskond on ligi n\u00e4dal&hellip;\n","protected":false},"author":2,"featured_media":196440,"comment_status":"","ping_status":"","sticky":false,"template":"","format":"standard","meta":{"footnotes":"","_share_on_mastodon":"0"},"categories":[5],"tags":[9597,26,27,37,33,35,5289,5290,34,36,10180,31,32,21,8054,6611,28,29,19,25,23,24,22,20,30],"class_list":["post-196439","post","type-post","status-publish","format-standard","has-post-thumbnail","category-uldised-uudised","tag-balti-turniir","tag-breaking-news","tag-breakingnews","tag-ee","tag-eesti","tag-eesti-keel","tag-eesti-koondis","tag-eesti-meeste-koondis","tag-estonia","tag-estonian","tag-faari-saared","tag-featured-news","tag-featurednews","tag-headlines","tag-henn","tag-jurgen-henn","tag-latest-news","tag-latestnews","tag-news","tag-populaarseimad-lood","tag-top-stories","tag-topstories","tag-uldised-uudised","tag-uudised","tag-viimased-uudised"],"share_on_mastodon":{"url":"https:\/\/pubeurope.com\/@ee\/116698822102865326","error":""},"_links":{"self":[{"href":"https:\/\/www.europesays.com\/ee\/wp-json\/wp\/v2\/posts\/196439","targetHints":{"allow":["GET"]}}],"collection":[{"href":"https:\/\/www.europesays.com\/ee\/wp-json\/wp\/v2\/posts"}],"about":[{"href":"https:\/\/www.europesays.com\/ee\/wp-json\/wp\/v2\/types\/post"}],"author":[{"embeddable":true,"href":"https:\/\/www.europesays.com\/ee\/wp-json\/wp\/v2\/users\/2"}],"replies":[{"embeddable":true,"href":"https:\/\/www.europesays.com\/ee\/wp-json\/wp\/v2\/comments?post=196439"}],"version-history":[{"count":0,"href":"https:\/\/www.europesays.com\/ee\/wp-json\/wp\/v2\/posts\/196439\/revisions"}],"wp:featuredmedia":[{"embeddable":true,"href":"https:\/\/www.europesays.com\/ee\/wp-json\/wp\/v2\/media\/196440"}],"wp:attachment":[{"href":"https:\/\/www.europesays.com\/ee\/wp-json\/wp\/v2\/media?parent=196439"}],"wp:term":[{"taxonomy":"category","embeddable":true,"href":"https:\/\/www.europesays.com\/ee\/wp-json\/wp\/v2\/categories?post=196439"},{"taxonomy":"post_tag","embeddable":true,"href":"https:\/\/www.europesays.com\/ee\/wp-json\/wp\/v2\/tags?post=196439"}],"curies":[{"name":"wp","href":"https:\/\/api.w.org\/{rel}","templated":true}]}}