{"id":196481,"date":"2026-06-05T19:05:11","date_gmt":"2026-06-05T19:05:11","guid":{"rendered":"https:\/\/www.europesays.com\/ee\/196481\/"},"modified":"2026-06-05T19:05:11","modified_gmt":"2026-06-05T19:05:11","slug":"levadia-ja-paide-voimalik-eurovastane-visati-seitse-aastat-vanade-pattude-eest-konverentsiliigast-valja-soccernet-ee","status":"publish","type":"post","link":"https:\/\/www.europesays.com\/ee\/196481\/","title":{"rendered":"Levadia ja Paide v\u00f5imalik eurovastane visati seitse aastat vanade pattude eest Konverentsiliigast v\u00e4lja &#8211; Soccernet.ee"},"content":{"rendered":"<p><img decoding=\"async\" src=\"https:\/\/www.europesays.com\/ee\/wp-content\/uploads\/2026\/06\/1687027878.jpg\" alt=\"Aserite klubi j\u00e4i eurokohast vanade sigaduste t\u00f5ttu ilma. Foto: Brit Maria Tael\"\/>&#13;\n<\/p>\n<p>Aserbaid\u017eaani klubi Tovuzi Turan visati Konverentsiliigast v\u00e4lja, sest 2019. aastal tegelesid nende toonased m\u00e4ngijad kihlveopettustega. Ehkki sellest on m\u00f6\u00f6das juba seitse aastat, peab Turan UEFA hinnangul kunagiste pattude eest siiski vastutama.<\/p>\n<p>Turan j\u00f5udis eurosarja t\u00e4nu Aserbaid\u017eaani k\u00f5rgliigas saavutatud kolmandale kohale. Tegu olnuks klubi ajaloos alles teistkordse euosarja p\u00e4\u00e4semisega, sest hooajal 1994-95 m\u00e4ngisid nad UEFA karikasarjas. Toona t\u00f5i loos vastaseks T\u00fcrgi suurklubi Galatasaray, kes v\u00f5itis asereid esmalt 2:0 ja seej\u00e4rel 5:0 ning kukutas nad konkurentsist.&#13;\n<\/p>\n<p>Ent UEFA reeglites leidub punkt 4.01 (g), mis n\u00e4eb ette, et &#8220;klubi, kes on olnud otseselt ja\/v\u00f5i kaudselt seotud nii riiklikul kui ka rahvusvahelisel tasemel toimunud m\u00e4ngutulemuste kokkuleppimise v\u00f5i m\u00f5jutamisega&#8221;, ei tohi eurosarjas kaasa l\u00fc\u00fca. Aserbiad\u017eaani alaliit tegi aga 2019. aasta 13. detsembril otsuse, millega m\u00e4\u00e4ras seitsmele Turani m\u00e4ngijale kokkuleppem\u00e4ngudes osalemise eest eluaegse jalgpalliga tegelemise keelu.&#13;\n<\/p>\n<p>Kokku said toona karistada 28 inimest, teiste seas Turani eest m\u00e4nginud Sanan Gojajev, Misir Rustamov, Emin Baghirov, Ilkin Sadigov, Rufat Mammadov, Eltai Taghijev ja Shahin Guluzadeh. Kuna tegu on p\u00e4rast juhtunut esimese korraga, mil Turan eurosarja kvalifitseerus, polnud UEFA-l enda v\u00e4itel muud v\u00f5imalust kui klubi karistada. UEFA on sellistes olukordades alati leidnud, et m\u00e4ngijate tegevuse eest vastutab klubi.<\/p>\n<p>Turan on lubanud kaevata otsuse edasi Rahvusvahelisse Spordiarbitraa\u017ei (CAS). Lisaks kinnitati, et hooajaks valmistutakse arvestusega, et neil on v\u00f5imalik ikkagi eurosarjas kaasa l\u00fc\u00fca. Selleks s\u00f5idetakse T\u00fcrgis toimuvasse treeninglaagrisse.&#13;\n<\/p>\n<p>Aserbaid\u017eaani pronksiklubil olnuks v\u00f5imalus alustada eurosarja Konverentsiliiga teisest kvalifikatsiooniringist. N\u00fc\u00fcd sai nende koha liigatabelis neljandana l\u00f5petanud Neft\u0161i ning eurosarja p\u00e4\u00e4seb ka viienda koha v\u00f5tnud Zira, kes alustab esimesest kvalifikatsiooniringist. Seal ollakse asetatud meeskond ehk Eesti klubidest v\u00f5ib Zira minna vastamisi vaid N\u00f5mme Kaljuga., ent mitte FCI Levadia ega Paide Linnameeskonnaga.&#13;\n<\/p>\n<p>K\u00fcll aga v\u00f5ib aserite duell Levadia v\u00f5i Paidega juhtuda teises ringis, sest seal Neft\u0161il enam asetust poleks. Samuti olnuks asetamata meeskondade hulgas Turan. Eurosarjade esimeste ringide paarid loositakse 16. ja 17. juunil.&#13;<\/p>\n","protected":false},"excerpt":{"rendered":"&#13; Aserbaid\u017eaani klubi Tovuzi Turan visati Konverentsiliigast v\u00e4lja, sest 2019. aastal tegelesid nende toonased m\u00e4ngijad kihlveopettustega. Ehkki sellest&hellip;\n","protected":false},"author":2,"featured_media":196482,"comment_status":"","ping_status":"","sticky":false,"template":"","format":"standard","meta":{"footnotes":"","_share_on_mastodon":"0"},"categories":[18],"tags":[17126,37,33,35,34,36,19868,7310,159,158,82950,82951,82952,1345],"class_list":["post-196481","post","type-post","status-publish","format-standard","has-post-thumbnail","category-sport","tag-cas","tag-ee","tag-eesti","tag-eesti-keel","tag-estonia","tag-estonian","tag-kokkuleppemangud","tag-konverentsiliiga","tag-sport","tag-sports","tag-tovuz","tag-tovuzi-turan","tag-turan","tag-uefa"],"share_on_mastodon":{"url":"https:\/\/pubeurope.com\/@ee\/116699065849195504","error":""},"_links":{"self":[{"href":"https:\/\/www.europesays.com\/ee\/wp-json\/wp\/v2\/posts\/196481","targetHints":{"allow":["GET"]}}],"collection":[{"href":"https:\/\/www.europesays.com\/ee\/wp-json\/wp\/v2\/posts"}],"about":[{"href":"https:\/\/www.europesays.com\/ee\/wp-json\/wp\/v2\/types\/post"}],"author":[{"embeddable":true,"href":"https:\/\/www.europesays.com\/ee\/wp-json\/wp\/v2\/users\/2"}],"replies":[{"embeddable":true,"href":"https:\/\/www.europesays.com\/ee\/wp-json\/wp\/v2\/comments?post=196481"}],"version-history":[{"count":0,"href":"https:\/\/www.europesays.com\/ee\/wp-json\/wp\/v2\/posts\/196481\/revisions"}],"wp:featuredmedia":[{"embeddable":true,"href":"https:\/\/www.europesays.com\/ee\/wp-json\/wp\/v2\/media\/196482"}],"wp:attachment":[{"href":"https:\/\/www.europesays.com\/ee\/wp-json\/wp\/v2\/media?parent=196481"}],"wp:term":[{"taxonomy":"category","embeddable":true,"href":"https:\/\/www.europesays.com\/ee\/wp-json\/wp\/v2\/categories?post=196481"},{"taxonomy":"post_tag","embeddable":true,"href":"https:\/\/www.europesays.com\/ee\/wp-json\/wp\/v2\/tags?post=196481"}],"curies":[{"name":"wp","href":"https:\/\/api.w.org\/{rel}","templated":true}]}}