{"id":196483,"date":"2026-06-05T19:09:19","date_gmt":"2026-06-05T19:09:19","guid":{"rendered":"https:\/\/www.europesays.com\/ee\/196483\/"},"modified":"2026-06-05T19:09:19","modified_gmt":"2026-06-05T19:09:19","slug":"henni-naerma-ajanud-sinjavski-klubis-raagib-treener-sama-asja-iga-paev-koondises-saab-puhata-soccernet-ee","status":"publish","type":"post","link":"https:\/\/www.europesays.com\/ee\/196483\/","title":{"rendered":"Henni naerma ajanud Sinjavski: klubis r\u00e4\u00e4gib treener sama asja iga p\u00e4ev, koondises saab puhata &#8211; Soccernet.ee"},"content":{"rendered":"<p><img decoding=\"async\" src=\"https:\/\/www.europesays.com\/ee\/wp-content\/uploads\/2026\/06\/1780673595.jpg\" alt=\"Vlasi Sinjavski. Foto: Liisi Troska \/ jalgpall.ee\"\/>&#13;\n<\/p>\n<p>Eesti koondise vasakkaitsja Vlasi Sinjavski r\u00e4\u00e4kis enne Balti turniiri poolfinaali F\u00e4\u00e4ri saartega, et ettevalmistus on kulgenud sujuvalt ja meeskond on m\u00e4nguks P\u00e4rnu Rannastaadionil valmis.<\/p>\n<p>Eesti peatreener J\u00fcrgen Henn r\u00e4\u00e4kis m\u00e4ngueelsel pressikonverentsil, et meeskond on ligi n\u00e4dal aega kestnud laagris keskendunud baasasjadele, sest paljud m\u00e4ngijd olid viimati koondises rohkem kui pool aastat tagasi, sealhulgas Sinjavski.&#13;\n<\/p>\n<p>Kuidas baasasjade meeldetuletamine l\u00e4ks?&#8221;Eks need on samad asjad. Ma olin viimati novembris koondises. Samad asjad, mida tegime, aga v\u00f5ib-olla lihtsalt meeldetuletuseks. Ma ei \u00fctleks, et meile anti k\u00fcmme uut asja ja n\u00fc\u00fcd pean m\u00f5tlema, mida homme teha. K\u00f5ik on selge!&#8221; lausus Sinjavski.&#13;\n<\/p>\n<p>Kas see on meeldiv v\u00f5i pigem t\u00fc\u00fctu? &#8220;Eks see on t\u00fc\u00fctu vahepeal. See on igas v\u00f5istkonnas ja iga treeneriga niimoodi. Aga siin on seda lihtsam teha. Kui oled klubis, siis treener r\u00e4\u00e4gib sama asja iga p\u00e4ev. Siin saad puhata,&#8221; muigas Sinjavski, kes ajas naerma ka peatreeneri. &#8220;See on aus!&#8221; lisas Henn omalt poolt.<\/p>\n<p>Sinjavski lisas, et meeskond on Balti turniiriks valmis. Praegu on eesm\u00e4rk tiitlit kaitsta ja alles seej\u00e4rel liiguvad m\u00f5tted s\u00fcgisese Rahvuste liiga peale. &#8220;Vahet ei ole, kelle vastu m\u00e4ngid, ikka l\u00e4hed v\u00f5itma! Ma ei m\u00f5tle praegu Rahvuste liigale, vaid m\u00f5tlen Balti turniirile ja homse m\u00e4ngu peale. Tahaks seda v\u00f5ita ja siis vaatame edasi.&#8221;                         <\/p>\n","protected":false},"excerpt":{"rendered":"&#13; Eesti koondise vasakkaitsja Vlasi Sinjavski r\u00e4\u00e4kis enne Balti turniiri poolfinaali F\u00e4\u00e4ri saartega, et ettevalmistus on kulgenud sujuvalt&hellip;\n","protected":false},"author":2,"featured_media":196484,"comment_status":"","ping_status":"","sticky":false,"template":"","format":"standard","meta":{"footnotes":"","_share_on_mastodon":"0"},"categories":[5],"tags":[9597,26,27,37,33,35,5289,5290,34,36,10180,11543,31,32,21,28,29,19,25,1731,23,24,22,20,30,1733],"class_list":["post-196483","post","type-post","status-publish","format-standard","has-post-thumbnail","category-uldised-uudised","tag-balti-turniir","tag-breaking-news","tag-breakingnews","tag-ee","tag-eesti","tag-eesti-keel","tag-eesti-koondis","tag-eesti-meeste-koondis","tag-estonia","tag-estonian","tag-faari-saared","tag-faari-saarte-koondis","tag-featured-news","tag-featurednews","tag-headlines","tag-latest-news","tag-latestnews","tag-news","tag-populaarseimad-lood","tag-sinjavski","tag-top-stories","tag-topstories","tag-uldised-uudised","tag-uudised","tag-viimased-uudised","tag-vlasi-sinjavski"],"share_on_mastodon":{"url":"https:\/\/pubeurope.com\/@ee\/116699081478657043","error":""},"_links":{"self":[{"href":"https:\/\/www.europesays.com\/ee\/wp-json\/wp\/v2\/posts\/196483","targetHints":{"allow":["GET"]}}],"collection":[{"href":"https:\/\/www.europesays.com\/ee\/wp-json\/wp\/v2\/posts"}],"about":[{"href":"https:\/\/www.europesays.com\/ee\/wp-json\/wp\/v2\/types\/post"}],"author":[{"embeddable":true,"href":"https:\/\/www.europesays.com\/ee\/wp-json\/wp\/v2\/users\/2"}],"replies":[{"embeddable":true,"href":"https:\/\/www.europesays.com\/ee\/wp-json\/wp\/v2\/comments?post=196483"}],"version-history":[{"count":0,"href":"https:\/\/www.europesays.com\/ee\/wp-json\/wp\/v2\/posts\/196483\/revisions"}],"wp:featuredmedia":[{"embeddable":true,"href":"https:\/\/www.europesays.com\/ee\/wp-json\/wp\/v2\/media\/196484"}],"wp:attachment":[{"href":"https:\/\/www.europesays.com\/ee\/wp-json\/wp\/v2\/media?parent=196483"}],"wp:term":[{"taxonomy":"category","embeddable":true,"href":"https:\/\/www.europesays.com\/ee\/wp-json\/wp\/v2\/categories?post=196483"},{"taxonomy":"post_tag","embeddable":true,"href":"https:\/\/www.europesays.com\/ee\/wp-json\/wp\/v2\/tags?post=196483"}],"curies":[{"name":"wp","href":"https:\/\/api.w.org\/{rel}","templated":true}]}}