{"id":196485,"date":"2026-06-05T19:16:13","date_gmt":"2026-06-05T19:16:13","guid":{"rendered":"https:\/\/www.europesays.com\/ee\/196485\/"},"modified":"2026-06-05T19:16:13","modified_gmt":"2026-06-05T19:16:13","slug":"sarajarvi-treener-maletab-kull-alati-enda-momente-aga-minu-meelest-vaarisime-voiduvaravat-soccernet-ee","status":"publish","type":"post","link":"https:\/\/www.europesays.com\/ee\/196485\/","title":{"rendered":"Saraj\u00e4rvi: treener m\u00e4letab k\u00fcll alati enda momente, aga minu meelest v\u00e4\u00e4risime v\u00f5iduv\u00e4ravat &#8211; Soccernet.ee"},"content":{"rendered":"<p><img decoding=\"async\" src=\"https:\/\/www.europesays.com\/ee\/wp-content\/uploads\/2026\/03\/1760124058.jpg\" alt=\"Eesti U21 koondise peatreener Jani Saraj\u00e4rvi. Foto: Liisi Troska \/ jalgpall.ee\"\/>&#13;\n<\/p>\n<p>Eesti U21 koondise peatreener Jani Saraj\u00e4rvi nentis, et Balti turniiri avam\u00e4ngu algus neil eba\u00f5nnestus, kuid oli uhke selle \u00fcle, kuidas tema meeskond korraldajamaa L\u00e4ti vastu tagasi tuli.<\/p>\n<p>L\u00e4tlased p\u00e4\u00e4sesid juhtima juba kolmandal minutil, kui eestlased ei suutnud nurgal\u00f6\u00f6gi j\u00e4rel palli klaarida. Pool tundi hiljem l\u00f5i Mihhail Orlov aga viigiv\u00e4rava ning Eesti esitus liikus t\u00f5usvas joones.&#13;\n<\/p>\n<p>&#8220;Me ei alustanud h\u00e4sti, me ei olnud t\u00e4ielikult kohal ja seet\u00f5ttu l\u00f6\u00f6di meile ka kiire v\u00e4rav. Seet\u00f5ttu tuli meil m\u00e4est \u00fcles ronida, aga seda me hakkasimegi tegema ja v\u00e4ga h\u00e4sti. K\u00f5igepealt saime m\u00e4ngu sisse ja siis muutusime \u00fcha paremaks, olime m\u00f5nes olukorras ohtlikud, l\u00f5ime v\u00e4rava ja tabasime ka posti,&#8221; r\u00e4\u00e4kis Saraj\u00e4rvi Soccernet.ee-le.&#13;\n<\/p>\n<p>&#8220;Muutsime m\u00e4ngu d\u00fcnaamika enda kasuks ning teisel poolajal tegime seda veel paremini, valdasime palli ja tekitasime h\u00e4id v\u00f5imalusi. Otsustavates momentides on meil vastase kastis arenguruumi, et luua veel paremaid v\u00f5imalusi, kuid vahetusm\u00e4ngijad t\u00f5id head energiat ja tundus, et see on ainult aja k\u00fcsimus, kuni me j\u00e4lle skoorime. Kurb, et me seda ei teinud, sest meie olime \u00fcle.&#8221;<\/p>\n<p>Kas kokkuv\u00f5ttes oli viik \u00f5iglane tulemus?\u00a0&#8220;Raske \u00f6elda. Treenerid m\u00e4letavad alati enda meeskonna momente ja mitte vastaste momente, nii et m\u00e4lu v\u00f5ib petta, aga ma tundsin, et v\u00e4hemalt l\u00f5pus meie surusime ja tekitasime palju v\u00f5imalusi ja v\u00e4\u00e4risime v\u00e4ravat. Ent samas saad sa jalgpallis alati seda, mida v\u00e4\u00e4rid.&#8221;&#13;\n<\/p>\n<p>Kuressaare keskkaitsja Rico Piil ja Flora \u00e4\u00e4r Sander Alamaa tegid oma U21 koondise deb\u00fc\u00fcdi, \u00fcle pika aja oli platsis ka Dimitri Jepihhin. &#8220;Dima puhul teadsime, et ta on k\u00f5rge klassiga m\u00e4ngija, kes suudab v\u00e4ga h\u00e4sti esineda, aga Rico ja Sander toovad ka meie meeskonda palju h\u00e4id asju ja m\u00e4ngisid samuti h\u00e4sti,&#8221; kommenteeris treener.&#13;\n<\/p>\n<p>&#8220;Olen r\u00f5\u00f5mus, et igas laagris on meil uued m\u00e4ngijad, kes on siia v\u00e4lja kasvanud. Meil on suhteliselt noor v\u00f5istkond ja paljud saavad m\u00e4ngida ka j\u00e4rgmises ts\u00fcklis. Selles m\u00f5ttes on meil Eesti jalgpalli osas palju lootust, et peale tulevad head m\u00e4ngijad.&#8221;&#13;\n<\/p>\n<p>Balti turniiri teine kohtumine toimub juba p\u00fchap\u00e4eval, nii et enne kohtumist v\u00e4rske Leeduga saab Eesti puhata ainult \u00fche p\u00e4eva. Saraj\u00e4rvi kinnitas, et algkoosseisu tuleb arvukalt muudatusi: &#8220;Meil on palju h\u00e4id m\u00e4ngijaid, kes on valmis sekkuma, ja see on kogu aeg meie idee olnud, et me oleks valmis palju m\u00e4ngijaid vahetama, ilma et meie esitus kannataks. Vaatame, kes taastuvad sellest m\u00e4ngust paremini.&#8221;<\/p>\n","protected":false},"excerpt":{"rendered":"&#13; Eesti U21 koondise peatreener Jani Saraj\u00e4rvi nentis, et Balti turniiri avam\u00e4ngu algus neil eba\u00f5nnestus, kuid oli uhke&hellip;\n","protected":false},"author":2,"featured_media":139062,"comment_status":"","ping_status":"","sticky":false,"template":"","format":"standard","meta":{"footnotes":"","_share_on_mastodon":"0"},"categories":[18],"tags":[9597,37,33,35,7304,2639,34,36,40054,7305,454,82935,82944,40060,7306,159,158,7307,82730],"class_list":["post-196485","post","type-post","status-publish","format-standard","has-post-thumbnail","category-sport","tag-balti-turniir","tag-ee","tag-eesti","tag-eesti-keel","tag-eesti-u21","tag-eesti-u21-koondis","tag-estonia","tag-estonian","tag-ivans-patrikejevs","tag-jani-sarajarvi","tag-jarelkaja","tag-lati-u21","tag-lati-u21-koondis","tag-patrikejevs","tag-sarajarvi","tag-sport","tag-sports","tag-u21","tag-u21-balti-turniir"],"share_on_mastodon":{"url":"https:\/\/pubeurope.com\/@ee\/116699109161962934","error":""},"_links":{"self":[{"href":"https:\/\/www.europesays.com\/ee\/wp-json\/wp\/v2\/posts\/196485","targetHints":{"allow":["GET"]}}],"collection":[{"href":"https:\/\/www.europesays.com\/ee\/wp-json\/wp\/v2\/posts"}],"about":[{"href":"https:\/\/www.europesays.com\/ee\/wp-json\/wp\/v2\/types\/post"}],"author":[{"embeddable":true,"href":"https:\/\/www.europesays.com\/ee\/wp-json\/wp\/v2\/users\/2"}],"replies":[{"embeddable":true,"href":"https:\/\/www.europesays.com\/ee\/wp-json\/wp\/v2\/comments?post=196485"}],"version-history":[{"count":0,"href":"https:\/\/www.europesays.com\/ee\/wp-json\/wp\/v2\/posts\/196485\/revisions"}],"wp:featuredmedia":[{"embeddable":true,"href":"https:\/\/www.europesays.com\/ee\/wp-json\/wp\/v2\/media\/139062"}],"wp:attachment":[{"href":"https:\/\/www.europesays.com\/ee\/wp-json\/wp\/v2\/media?parent=196485"}],"wp:term":[{"taxonomy":"category","embeddable":true,"href":"https:\/\/www.europesays.com\/ee\/wp-json\/wp\/v2\/categories?post=196485"},{"taxonomy":"post_tag","embeddable":true,"href":"https:\/\/www.europesays.com\/ee\/wp-json\/wp\/v2\/tags?post=196485"}],"curies":[{"name":"wp","href":"https:\/\/api.w.org\/{rel}","templated":true}]}}