{"id":19651,"date":"2025-10-14T18:17:15","date_gmt":"2025-10-14T18:17:15","guid":{"rendered":"https:\/\/www.europesays.com\/ee\/19651\/"},"modified":"2025-10-14T18:17:15","modified_gmt":"2025-10-14T18:17:15","slug":"hambaarst-avaldab-%e2%9f%a9-kuidas-juua-kohvi-nii-et-hambad-ei-kannataks","status":"publish","type":"post","link":"https:\/\/www.europesays.com\/ee\/19651\/","title":{"rendered":"HAMBAARST AVALDAB \u27e9 Kuidas juua kohvi nii, et hambad ei kannataks?"},"content":{"rendered":"<p>Kui soovite kohvi juua s\u00f6\u00f6gikordade vahel, soovitab Soome hambaarstide liidu spetsialist Aija Hietala-Lenkkeri juua seda ilma piima ja suhkruta. Must kohv iseenesest ei ole hammaste tervisele kahjulik, kuid v\u00f5ib p\u00f5hjustada hammaste v\u00e4rvimuutust, vahendab Ilta-Sanomat.<\/p>\n<p>Hambaarsti s\u00f5nul on hambatervise seisukohast k\u00f5ige muret tekitavamad kohvikutes m\u00fc\u00fcdavad maitsestatud siirupitega kohvijoogid, mis sisaldavad sageli palju suhkrut.<\/p>\n","protected":false},"excerpt":{"rendered":"Kui soovite kohvi juua s\u00f6\u00f6gikordade vahel, soovitab Soome hambaarstide liidu spetsialist Aija Hietala-Lenkkeri juua seda ilma piima ja&hellip;\n","protected":false},"author":2,"featured_media":19652,"comment_status":"","ping_status":"","sticky":false,"template":"","format":"standard","meta":{"footnotes":"","_share_on_mastodon":"0"},"categories":[80],"tags":[26,27,37,33,35,34,36,31,32,3929,3928,11505,21,28,29,95,19,25,23,24,22,20,30,92,93,94],"class_list":["post-19651","post","type-post","status-publish","format-standard","has-post-thumbnail","category-maailm","tag-breaking-news","tag-breakingnews","tag-ee","tag-eesti","tag-eesti-keel","tag-estonia","tag-estonian","tag-featured-news","tag-featurednews","tag-hambaarst","tag-hambad","tag-hambad-ja-tervis","tag-headlines","tag-latest-news","tag-latestnews","tag-maailm","tag-news","tag-populaarseimad-lood","tag-top-stories","tag-topstories","tag-uldised-uudised","tag-uudised","tag-viimased-uudised","tag-world","tag-world-news","tag-worldnews"],"share_on_mastodon":{"url":"","error":""},"_links":{"self":[{"href":"https:\/\/www.europesays.com\/ee\/wp-json\/wp\/v2\/posts\/19651","targetHints":{"allow":["GET"]}}],"collection":[{"href":"https:\/\/www.europesays.com\/ee\/wp-json\/wp\/v2\/posts"}],"about":[{"href":"https:\/\/www.europesays.com\/ee\/wp-json\/wp\/v2\/types\/post"}],"author":[{"embeddable":true,"href":"https:\/\/www.europesays.com\/ee\/wp-json\/wp\/v2\/users\/2"}],"replies":[{"embeddable":true,"href":"https:\/\/www.europesays.com\/ee\/wp-json\/wp\/v2\/comments?post=19651"}],"version-history":[{"count":0,"href":"https:\/\/www.europesays.com\/ee\/wp-json\/wp\/v2\/posts\/19651\/revisions"}],"wp:featuredmedia":[{"embeddable":true,"href":"https:\/\/www.europesays.com\/ee\/wp-json\/wp\/v2\/media\/19652"}],"wp:attachment":[{"href":"https:\/\/www.europesays.com\/ee\/wp-json\/wp\/v2\/media?parent=19651"}],"wp:term":[{"taxonomy":"category","embeddable":true,"href":"https:\/\/www.europesays.com\/ee\/wp-json\/wp\/v2\/categories?post=19651"},{"taxonomy":"post_tag","embeddable":true,"href":"https:\/\/www.europesays.com\/ee\/wp-json\/wp\/v2\/tags?post=19651"}],"curies":[{"name":"wp","href":"https:\/\/api.w.org\/{rel}","templated":true}]}}