{"id":196586,"date":"2026-06-05T22:24:14","date_gmt":"2026-06-05T22:24:14","guid":{"rendered":"https:\/\/www.europesays.com\/ee\/196586\/"},"modified":"2026-06-05T22:24:14","modified_gmt":"2026-06-05T22:24:14","slug":"bayern-uritab-liverpooli-tulevikulootuse-saksamaale-meelitada-soccernet-ee","status":"publish","type":"post","link":"https:\/\/www.europesays.com\/ee\/196586\/","title":{"rendered":"Bayern \u00fcritab Liverpooli tulevikulootuse Saksamaale meelitada &#8211; Soccernet.ee"},"content":{"rendered":"<p><img decoding=\"async\" src=\"https:\/\/www.europesays.com\/ee\/wp-content\/uploads\/2026\/06\/1775931950.jpg\" alt=\"Kas Rio Ngumoha on teel hoopis Saksamaale? Foto: Scanpix \/ Jon Super \/ AP Photo\"\/>&#13;\n<\/p>\n<p>M\u00fcncheni Bayern on BBC s\u00f5nul pannud silma peale Liverpooli 17-aastasele \u00e4\u00e4rer\u00fcndajale Rio Ngumohale. L\u00f5ppenud hooajal Premier League&#8217;is kaks v\u00e4ravat l\u00f6\u00f6nud ning k\u00f5igi sarjade peale Liverpooli eest 29 kohtumist pidanud nooruki saadavuse kohta on juba tehtud j\u00e4relep\u00e4rimisi.<\/p>\n<p>Ngumoha viibib praegu Floridas, et abistada MM-iks valmistuvat Inglismaa koondist, ehkki ta ise Thomas Tucheli 26-mehelisse nimekirja ei mahtunud. BBC andmetel on nooruk Bayerni huvist teadlik, aga m\u00e4ngija ja klubi pole veel omavahel suhelnud. Liverpooli klubile l\u00e4hedalseisvate allikate kinnitusel ei ole Ngumoha m\u00fc\u00fcgiks ja temas n\u00e4hakse tulevase meeskonna \u00fchte nurgakivi.&#13;\n<\/p>\n<p>Samas on Liverpool ise n\u00e4idanud \u00fcle suurt huvi RB Leipzigi \u00e4\u00e4re Yan Diomande&#8217;i vastu, kelle palkamise korral \u00e4hvardaks Ngumoha m\u00e4nguaeg kahaneda. L\u00f5ppenud hooajal k\u00e4is Ngumoha Premier League&#8217;is platsil 19 korda ning l\u00f5i deb\u00fc\u00fcdil v\u00e4rava Newcastle&#8217;ile, aidates Liverpooli 3:2 v\u00f5iduni.&#13;\n<\/p>\n<p>Mullu jaanuaris Inglismaa karikav\u00f5istlustel Accrington Stanley vastu deb\u00fc\u00fcdi teinud Ngumohal oli sellal vanust 16 aastat ja 135 p\u00e4eva ning ta kerkis sellega noorimaks Liverpooli s\u00e4rgis m\u00e4ngu alustanud meheks. Nooruk on kuulunud ka mitmesse Inglismaa noortekoondisesse. Liverpooli saabus ta 2024. aasta detsembris Chelsea akadeemiast ning s\u00f5lmis aasta hiljem esimese profilepingu.<\/p>\n<p>T\u00e4navu veebruaris otsustas vastav tribunal, et Liverpool peab maksma tema eest Chelseale 2,8 miljonit naela. Teatud klauslite t\u00e4itumisel v\u00f5ib see summa veel kasvada, lisaks on Chelseal \u00f5igus saada Ngumoha m\u00fc\u00fcmise korral Liverpooli teenitud kasumist 20%.&#13;\n<\/p>\n<p>Liverpool vallandas hiljuti peatreener Arne Sloti, kes viis meeskonna mullu meistriks, ent kaotas t\u00e4navu m\u00e4ngijate usalduse. Tema asemel hakkab uuel hooajal Liverpooli juhendama Andoni Iraola, kes oli seni ametis Bournemouthi peatreenerina.&#13;<\/p>\n","protected":false},"excerpt":{"rendered":"&#13; M\u00fcncheni Bayern on BBC s\u00f5nul pannud silma peale Liverpooli 17-aastasele \u00e4\u00e4rer\u00fcndajale Rio Ngumohale. L\u00f5ppenud hooajal Premier League&#8217;is&hellip;\n","protected":false},"author":2,"featured_media":196587,"comment_status":"","ping_status":"","sticky":false,"template":"","format":"standard","meta":{"footnotes":"","_share_on_mastodon":"0"},"categories":[18],"tags":[525,37,33,35,34,36,807,538,71484,808,71485,159,158],"class_list":["post-196586","post","type-post","status-publish","format-standard","has-post-thumbnail","category-sport","tag-bayern","tag-ee","tag-eesti","tag-eesti-keel","tag-estonia","tag-estonian","tag-liverpool","tag-muncheni-bayern","tag-ngumoha","tag-premier-league","tag-rio-ngumoha","tag-sport","tag-sports"],"share_on_mastodon":{"url":"https:\/\/pubeurope.com\/@ee\/116699848328265911","error":""},"_links":{"self":[{"href":"https:\/\/www.europesays.com\/ee\/wp-json\/wp\/v2\/posts\/196586","targetHints":{"allow":["GET"]}}],"collection":[{"href":"https:\/\/www.europesays.com\/ee\/wp-json\/wp\/v2\/posts"}],"about":[{"href":"https:\/\/www.europesays.com\/ee\/wp-json\/wp\/v2\/types\/post"}],"author":[{"embeddable":true,"href":"https:\/\/www.europesays.com\/ee\/wp-json\/wp\/v2\/users\/2"}],"replies":[{"embeddable":true,"href":"https:\/\/www.europesays.com\/ee\/wp-json\/wp\/v2\/comments?post=196586"}],"version-history":[{"count":0,"href":"https:\/\/www.europesays.com\/ee\/wp-json\/wp\/v2\/posts\/196586\/revisions"}],"wp:featuredmedia":[{"embeddable":true,"href":"https:\/\/www.europesays.com\/ee\/wp-json\/wp\/v2\/media\/196587"}],"wp:attachment":[{"href":"https:\/\/www.europesays.com\/ee\/wp-json\/wp\/v2\/media?parent=196586"}],"wp:term":[{"taxonomy":"category","embeddable":true,"href":"https:\/\/www.europesays.com\/ee\/wp-json\/wp\/v2\/categories?post=196586"},{"taxonomy":"post_tag","embeddable":true,"href":"https:\/\/www.europesays.com\/ee\/wp-json\/wp\/v2\/tags?post=196586"}],"curies":[{"name":"wp","href":"https:\/\/api.w.org\/{rel}","templated":true}]}}