{"id":196639,"date":"2026-06-06T02:51:11","date_gmt":"2026-06-06T02:51:11","guid":{"rendered":"https:\/\/www.europesays.com\/ee\/196639\/"},"modified":"2026-06-06T02:51:11","modified_gmt":"2026-06-06T02:51:11","slug":"mm-2026-%e2%9f%a9-skandaalid-soimuga-harjunud-fifat-ei-morjenda-sest-neid-kaitseb-imekilp","status":"publish","type":"post","link":"https:\/\/www.europesays.com\/ee\/196639\/","title":{"rendered":"MM 2026 \u27e9 Skandaalid s\u00f5imuga harjunud FIFAt ei morjenda, sest neid kaitseb imekilp"},"content":{"rendered":"<p>Eriti kui need dollarid on teenitud USAs, mille president Donald Trump on selle kunstmuruv\u00e4ljakut ehitava riigi kodanikele kehtestanud sisses\u00f5idukeelu. Mitme MMil osaleva riigi jalgpallis\u00f5pradel pole sel p\u00f5hjusel v\u00f5imalik kohapeal meeskonda toetada isegi siis, kui raha selle jaoks kuidagi leitaks.<\/p>\n<p>K\u00f5iki MMiga seotud vastuolusid, n\u00e4otusi, pettumusi ja skandaale \u00e4ra kirjeldades j\u00f5uab p\u00e4ike mitu korda looja minna. Aga vaatamata neile naelutab v\u00f5istlus kohe, kui pall m\u00e4ngu pannakse, ekraanide ette sajad miljonid silmapaarid \u00fcle maailma. Ka neist riikidest, kus FIFA tegevusi k\u00f5ige valjemalt s\u00f5ideldakse.<\/p>\n<p>Jalgpalli MM on nimelt paradoks. Maailma spordis on keeruline leida sama k\u00f5rki ja ebausaldusv\u00e4\u00e4rset suurt organisatsiooni nagu FIFA. Aga kindlasti pole v\u00f5imalik leida oodatumat, m\u00f5jukamat ja imelisemat v\u00f5istlust kui meeste MM. Jalgpallis peituv j\u00f5ud on nii v\u00f5imas, et varjutab isegi Infantino. Kuigi ta ise sellega n\u00f5ustuda ei taha.<\/p>\n<p><img decoding=\"async\" class=\"figure__image\" onclick=\"triggerEvent('articleImageClick', { id: 13944119, focus: 'single-image', focusIndex: '13944119' })\" onkeydown=\"if (event.key === 'Enter') {&#10;        triggerEvent('articleImageClick', { id: 13944119, focus: 'single-image', focusIndex: '13944119' })&#10;        }\" role=\"button\" tabindex=\"0\" data-focus-from=\"single-image\" data-focus-index=\"13944119\" src=\"https:\/\/www.europesays.com\/ee\/wp-content\/uploads\/2026\/06\/13944119t1h2950.jpg\"  onload=\"this.parentElement.classList.remove('figure__image-loading')\" alt=\"ERR n\u00e4itab jalgpalli MMi v\u00e4hem kui \u00fche kolmandiku ulatuses.\"\/>ERR n\u00e4itab jalgpalli MMi v\u00e4hem kui \u00fche kolmandiku ulatuses. Foto: Madis VeltmanETV justkui poleks MMi p\u00f5hikanal, aga tegelikult ikkagi on<\/p>\n<p>Neljap\u00e4eval algav MM-finaalturniir on alles teine, mille kohtumisi kannab lisaks Eesti rahvusringh\u00e4\u00e4lingule \u00fcle ka m\u00f5ni teine telekanal. Esimest korda juhtus see 2024. aasta EMiga, kus turniiri jaotasid \u00e4ra TV3 ja ETV.<\/p>\n<p>Toona n\u00e4gi s\u00fcsteem v\u00e4lja selline, et ETV-le kuulus v\u00f5istlusp\u00e4eva k\u00f5ige viimane kohtumine (avavile kell 22), kuna sellele eelnenud mat\u0161e (vahel \u00fcks, vahel kaks) n\u00e4itas TV3 v\u00f5i TV6. Kui varasemaid mat\u0161e polnud (n\u00e4iteks poolfinaalide p\u00e4evadel), siis j\u00e4i TV3 t\u00fchjade pihkudega. Finaali n\u00e4itasid aga m\u00f5lemad. Sellise s\u00fcsteemiga jagunesid 51 EM-finaalturniiri kohtumist kahe meediamaja vahel t\u00e4pselt v\u00f5rdselt \u2013 25 kummalegi ja finaalkohtumine \u00fchiselt.<\/p>\n<p>2026. aasta MMi puhul on s\u00fcsteem keerulisem, sest k\u00f5iki kohtumisi li\u00adneaarselt telekanalilt ei n\u00e4egi. Iga v\u00f5istlusp\u00e4eva esimene kohtumine (avavile vahel kl 19, aga vahel alles s\u00fcda\u00f6\u00f6sel, enamasti seal kuskil vahepeal) j\u00f5uab Eesti televaatajani ETV v\u00f5i ETV2 vahendusel.<\/p>\n<p>Iga v\u00f5istlusp\u00e4eva teine kohtumine aga TV3 kaudu. Vahel n\u00e4itab TV3 seej\u00e4rel keset \u00f6\u00f6d veel m\u00f5nda kohtumist, aga enamasti v\u00f5istlusp\u00e4eva kolmandast ja neljandast kohtumistest tele\u00fclekannet ei tehtagi, vaid neid n\u00e4eb \u00fcksnes tasulisel Go3 platvormil, mis teeb otse\u00fclekanded ka k\u00f5igist ETV, ETV2 ja TV3 eetris olevatest m\u00e4ngudest.<\/p>\n<blockquote class=\"quote ck-widget\" contenteditable=\"false\">\n<p>Veerandfinaalid on ETV ja TV3 vahel \u00e4ra jaotatud nii, et m\u00f5lemad saavad endale kaks m\u00e4ngu.<\/p>\n<\/blockquote>\n<p>Veerandfinaalid on ETV ja TV3 vahel \u00e4ra jaotatud nii, et m\u00f5lemad saavad endale kaks m\u00e4ngu, ning poolfinaale, pronksim\u00e4ngu ja finaali n\u00e4itavad m\u00f5lemad kanalid (ja Go3 samuti).<\/p>\n<p>MM-finaalturniiri 104 kohtumisest j\u00f5uab ETV eetrisse seega 33 ehk v\u00e4hem kui kolmandik, mille j\u00e4rgi saaks ju v\u00e4ita, et MMi p\u00f5hitelekanal on TV3 koos oma s\u00f5sara, veebiplatvormi Go3ga. N\u00e4idatavate mat\u0161ide arvu j\u00e4rgi otsustades on nad ETV vastu v\u00e4hemalt sama suures \u00fclekaalus kui Saksamaa koondis p\u00fchap\u00e4eva, 14. juuni \u00f5htul ETV2 eetris n\u00e4idatavas m\u00e4ngus Cura\u00e7ao\u200bga.<\/p>\n<p>Aga nagu jalgpallis ei v\u00f5ida alati see, kes valdab rohkem palli v\u00f5i sooritab rohkem pealel\u00f6\u00f6ke (t\u00f5si, Cura\u00e7ao\u200bst Saksamaa siiski k\u00f5igi eelduste kohaselt jagu saab), siis ei n\u00e4ita numbrid t\u00e4it t\u00f5de ka jalgpalli\u00fclekannete puhul.<\/p>\n<p>Suur enamik TV3 ja Go3 eetris olevatest kohtumistest toimuvad Eesti aja j\u00e4rgi \u00f6\u00f6sel, kui enamik inimesi magavad. Andunud jalgpallis\u00f5brad ohverdavad une, aga elu on n\u00e4idanud, et turniiri edenedes j\u00e4\u00e4b neid kuhjuva v\u00e4simuse t\u00f5ttu \u00fcha v\u00e4hemaks.<\/p>\n<p>ETV-le kuuluvad m\u00e4ngud algavad aga k\u00f5ige magusamal suvisel teleajal ehk \u00f5htupoolikul. Seega kuigi n\u00e4idatavate m\u00e4ngude arvu j\u00e4rgi ETV selle MMi p\u00f5hitelekanal ei ole, siis kui kokku liita silmapaarid, mis m\u00f5lema meediamaja \u00fclekandeid j\u00e4lgivad, ilmselt ikkagi on.<\/p>\n<p>Samas jalgpallistuudiote osas on TV3 selges eduseisus. Neil on neid kavas 27, aga ETV-l k\u00f5igest neli.<\/p>\n<p>Olgu lisatud, et j\u00e4rgmist jalgpalli meeste tiitliv\u00f5istlust, 2028. aasta EM-finaalturniiri ei n\u00e4ita aga ei ETV ega TV3, sest selle \u00fclekande\u00f5igused omandas 2025. aasta alguses Duo Media Networks (Kanal 2 ja Duo kanalid), kelle eelmine suuremastaapne spordiprojekt oli ol\u00fcmpiam\u00e4ngude vahendamine aastatel 2018\u20132024.<\/p>\n","protected":false},"excerpt":{"rendered":"Eriti kui need dollarid on teenitud USAs, mille president Donald Trump on selle kunstmuruv\u00e4ljakut ehitava riigi kodanikele kehtestanud&hellip;\n","protected":false},"author":2,"featured_media":196640,"comment_status":"","ping_status":"","sticky":false,"template":"","format":"standard","meta":{"footnotes":"","_share_on_mastodon":"0"},"categories":[80],"tags":[26,27,37,33,35,34,36,258,31,32,3224,21,7687,7517,28,29,95,10349,19,25,10502,23,24,257,22,20,30,92,93,94],"class_list":["post-196639","post","type-post","status-publish","format-standard","has-post-thumbnail","category-maailm","tag-breaking-news","tag-breakingnews","tag-ee","tag-eesti","tag-eesti-keel","tag-estonia","tag-estonian","tag-etv","tag-featured-news","tag-featurednews","tag-gianni-infantino","tag-headlines","tag-hispaania-jalgpallikoondis","tag-inglismaa-jalgpallikoondis","tag-latest-news","tag-latestnews","tag-maailm","tag-mm-2026","tag-news","tag-populaarseimad-lood","tag-prantsusmaa-jalgpallikoondis","tag-top-stories","tag-topstories","tag-tv3","tag-uldised-uudised","tag-uudised","tag-viimased-uudised","tag-world","tag-world-news","tag-worldnews"],"share_on_mastodon":{"url":"https:\/\/pubeurope.com\/@ee\/116700898037165426","error":""},"_links":{"self":[{"href":"https:\/\/www.europesays.com\/ee\/wp-json\/wp\/v2\/posts\/196639","targetHints":{"allow":["GET"]}}],"collection":[{"href":"https:\/\/www.europesays.com\/ee\/wp-json\/wp\/v2\/posts"}],"about":[{"href":"https:\/\/www.europesays.com\/ee\/wp-json\/wp\/v2\/types\/post"}],"author":[{"embeddable":true,"href":"https:\/\/www.europesays.com\/ee\/wp-json\/wp\/v2\/users\/2"}],"replies":[{"embeddable":true,"href":"https:\/\/www.europesays.com\/ee\/wp-json\/wp\/v2\/comments?post=196639"}],"version-history":[{"count":0,"href":"https:\/\/www.europesays.com\/ee\/wp-json\/wp\/v2\/posts\/196639\/revisions"}],"wp:featuredmedia":[{"embeddable":true,"href":"https:\/\/www.europesays.com\/ee\/wp-json\/wp\/v2\/media\/196640"}],"wp:attachment":[{"href":"https:\/\/www.europesays.com\/ee\/wp-json\/wp\/v2\/media?parent=196639"}],"wp:term":[{"taxonomy":"category","embeddable":true,"href":"https:\/\/www.europesays.com\/ee\/wp-json\/wp\/v2\/categories?post=196639"},{"taxonomy":"post_tag","embeddable":true,"href":"https:\/\/www.europesays.com\/ee\/wp-json\/wp\/v2\/tags?post=196639"}],"curies":[{"name":"wp","href":"https:\/\/api.w.org\/{rel}","templated":true}]}}