{"id":196808,"date":"2026-06-06T09:04:17","date_gmt":"2026-06-06T09:04:17","guid":{"rendered":"https:\/\/www.europesays.com\/ee\/196808\/"},"modified":"2026-06-06T09:04:17","modified_gmt":"2026-06-06T09:04:17","slug":"video-ferrarid-olid-monaco-gp-avatreeningu-kiireimad-hadjar-tegi-avarii","status":"publish","type":"post","link":"https:\/\/www.europesays.com\/ee\/196808\/","title":{"rendered":"VIDEO | Ferrarid olid Monaco GP avatreeningu kiireimad, Hadjar tegi avarii"},"content":{"rendered":"<p>Hiljuti Ferrariga lepingut pikendanud Leclerc edestas Hamiltoni 0,226 ja Verstappenit 0,513 sekundiga. Esikolmikule j\u00e4rgnesid Mercedese s\u00f5itjad Kimi Antonelli ja George Russell ning Lando Norris (McLaren).<\/p>\n<p>Avatreeningul juhtus ka \u00fcks avarii, kui Isack Hadjar (Red Bull) kaotas \u0161ikaanis juhitavuse ja kihutas rajapiiretesse. <\/p>\n<p>V\u00e4ikse \u00e4parduse elas \u00fcle ka Fernando Alonso (Aston Martin), kes kahjustas rajapiiret rammides oma masina esitiiba.<\/p>\n<p>Kuidas see lugu Sind end tundma pani? Saada <a href=\"https:\/\/sport.delfi.ee\/artikkel\/120588935\/video-ferrarid-olid-monaco-gp-avatreeningu-kiireimad-hadjar-tegi-avarii\/kommentaarid\" class=\"article-body-bottom__comment article-body-bottom__comment--write button button--primary button--size-auto\" rel=\"nofollow noopener\" target=\"_blank\"> Kommenteeri <\/a><a href=\"https:\/\/sport.delfi.ee\/artikkel\/120588935\/video-ferrarid-olid-monaco-gp-avatreeningu-kiireimad-hadjar-tegi-avarii\/kommentaarid\" class=\"article-body-bottom__comment article-body-bottom__comment--read button button--size-auto\" rel=\"nofollow noopener\" target=\"_blank\"> Loe kommentaare <\/a><\/p>\n","protected":false},"excerpt":{"rendered":"Hiljuti Ferrariga lepingut pikendanud Leclerc edestas Hamiltoni 0,226 ja Verstappenit 0,513 sekundiga. Esikolmikule j\u00e4rgnesid Mercedese s\u00f5itjad Kimi Antonelli&hellip;\n","protected":false},"author":2,"featured_media":196809,"comment_status":"","ping_status":"","sticky":false,"template":"","format":"standard","meta":{"footnotes":"","_share_on_mastodon":"0"},"categories":[18],"tags":[4488,37,33,35,34,36,1573,586,159,158,4487,81062],"class_list":["post-196808","post","type-post","status-publish","format-standard","has-post-thumbnail","category-sport","tag-charles-leclerc","tag-ee","tag-eesti","tag-eesti-keel","tag-estonia","tag-estonian","tag-lewis-hamilton","tag-max-verstappen","tag-sport","tag-sports","tag-vormel-1","tag-vormel1"],"share_on_mastodon":{"url":"https:\/\/pubeurope.com\/@ee\/116702364503175270","error":""},"_links":{"self":[{"href":"https:\/\/www.europesays.com\/ee\/wp-json\/wp\/v2\/posts\/196808","targetHints":{"allow":["GET"]}}],"collection":[{"href":"https:\/\/www.europesays.com\/ee\/wp-json\/wp\/v2\/posts"}],"about":[{"href":"https:\/\/www.europesays.com\/ee\/wp-json\/wp\/v2\/types\/post"}],"author":[{"embeddable":true,"href":"https:\/\/www.europesays.com\/ee\/wp-json\/wp\/v2\/users\/2"}],"replies":[{"embeddable":true,"href":"https:\/\/www.europesays.com\/ee\/wp-json\/wp\/v2\/comments?post=196808"}],"version-history":[{"count":0,"href":"https:\/\/www.europesays.com\/ee\/wp-json\/wp\/v2\/posts\/196808\/revisions"}],"wp:featuredmedia":[{"embeddable":true,"href":"https:\/\/www.europesays.com\/ee\/wp-json\/wp\/v2\/media\/196809"}],"wp:attachment":[{"href":"https:\/\/www.europesays.com\/ee\/wp-json\/wp\/v2\/media?parent=196808"}],"wp:term":[{"taxonomy":"category","embeddable":true,"href":"https:\/\/www.europesays.com\/ee\/wp-json\/wp\/v2\/categories?post=196808"},{"taxonomy":"post_tag","embeddable":true,"href":"https:\/\/www.europesays.com\/ee\/wp-json\/wp\/v2\/tags?post=196808"}],"curies":[{"name":"wp","href":"https:\/\/api.w.org\/{rel}","templated":true}]}}