{"id":196938,"date":"2026-06-06T12:35:33","date_gmt":"2026-06-06T12:35:33","guid":{"rendered":"https:\/\/www.europesays.com\/ee\/196938\/"},"modified":"2026-06-06T12:35:33","modified_gmt":"2026-06-06T12:35:33","slug":"usa-suursaadik-el-is-trump-ei-tahtnud-kunagi-groonimaad-runnata-valismaa","status":"publish","type":"post","link":"https:\/\/www.europesays.com\/ee\/196938\/","title":{"rendered":"USA suursaadik EL-is: Trump ei tahtnud kunagi Gr\u00f6\u00f6nimaad r\u00fcnnata | V\u00e4lismaa"},"content":{"rendered":"<p>USA presidendi Donald Trumpi \u00e4hvardustest Gr\u00f6\u00f6nimaa r\u00fcndamisest saadi valesti aru, \u00fctles USA saadik Euroopa Liidu juures reedel.<\/p>\n<p>&#8220;Seda t\u00f5lgendati nii, nagu oleksime kuidagi \u00e4hvardanud Gr\u00f6\u00f6nimaa territoriaalset terviklikkust,&#8221; \u00fctles USA saadik EL-i juures, Andrew Puzder, Br\u00fcsseli majandusjulgeoleku foorumi osalejatele. &#8220;Aga president [Trump] ei ole kunagi \u00f6elnud, et me kavatseme sinna sissetungida.&#8221;<\/p>\n<p>Oma teisel ametiajal on Trump korduvalt \u00f5hku visanud idee Gr\u00f6\u00f6nimaa annekteerimisest, v\u00e4listamata sealhulgas ka s\u00f5jalise j\u00f5u kasutamist, mis tekitas Euroopas suurt \u00e4revust.<\/p>\n<p>Puzderi s\u00f5nul olid presidendi avaldused kasulikud, kuna juhtisid t\u00e4helepanu Gr\u00f6\u00f6nimaa strateegilisele t\u00e4htsusele, kuid neid ei oleks pidanud t\u00f5siselt v\u00f5tma.<\/p>\n<p>Puzderi kommentaar j\u00e4rgnes USA v\u00e4lisminister Marco Rubio s\u00f5nav\u00f5tule, kes \u00fctles USA Esindajatekoja v\u00e4liskomisjonile, et saar kuulub veel Taanile .<\/p>\n<p>Trump v\u00e4listas jaanuaris l\u00f5puks s\u00f5jalise sissetungi Gr\u00f6\u00f6nimaale, avades tee USA ja Taani k\u00f5nelustele Ameerika s\u00f5jalise kohaloleku suurendamise \u00fcle saarel.<\/p>\n<p>Endine restoraniettev\u00f5tja Puzder v\u00f5rdles Euroopa reaktsioone Trumpi \u00e4hvardustele cappuccino vahu ja kohviga.<\/p>\n<p>&#8220;Kui tellid cappuccino, siis tellid selle kohvi, mitte vahu p\u00e4rast. Keskendugem siis kohvile, mitte vahule. Ja suur osa sellest ongi vaht,&#8221; selgitas ta.<\/p>\n","protected":false},"excerpt":{"rendered":"USA presidendi Donald Trumpi \u00e4hvardustest Gr\u00f6\u00f6nimaa r\u00fcndamisest saadi valesti aru, \u00fctles USA saadik Euroopa Liidu juures reedel. &#8220;Seda&hellip;\n","protected":false},"author":2,"featured_media":196939,"comment_status":"","ping_status":"","sticky":false,"template":"","format":"standard","meta":{"footnotes":"","_share_on_mastodon":"0"},"categories":[80],"tags":[46216,26,27,324,37,33,35,34,36,31,32,2409,21,28,29,95,19,25,83012,23,24,22,325,20,30,92,93,94],"class_list":["post-196938","post","type-post","status-publish","format-standard","has-post-thumbnail","category-maailm","tag-andrew-puzder","tag-breaking-news","tag-breakingnews","tag-donald-trump","tag-ee","tag-eesti","tag-eesti-keel","tag-estonia","tag-estonian","tag-featured-news","tag-featurednews","tag-groonimaa","tag-headlines","tag-latest-news","tag-latestnews","tag-maailm","tag-news","tag-populaarseimad-lood","tag-taani-usa","tag-top-stories","tag-topstories","tag-uldised-uudised","tag-usa","tag-uudised","tag-viimased-uudised","tag-world","tag-world-news","tag-worldnews"],"share_on_mastodon":{"url":"https:\/\/pubeurope.com\/@ee\/116703194178214729","error":""},"_links":{"self":[{"href":"https:\/\/www.europesays.com\/ee\/wp-json\/wp\/v2\/posts\/196938","targetHints":{"allow":["GET"]}}],"collection":[{"href":"https:\/\/www.europesays.com\/ee\/wp-json\/wp\/v2\/posts"}],"about":[{"href":"https:\/\/www.europesays.com\/ee\/wp-json\/wp\/v2\/types\/post"}],"author":[{"embeddable":true,"href":"https:\/\/www.europesays.com\/ee\/wp-json\/wp\/v2\/users\/2"}],"replies":[{"embeddable":true,"href":"https:\/\/www.europesays.com\/ee\/wp-json\/wp\/v2\/comments?post=196938"}],"version-history":[{"count":0,"href":"https:\/\/www.europesays.com\/ee\/wp-json\/wp\/v2\/posts\/196938\/revisions"}],"wp:featuredmedia":[{"embeddable":true,"href":"https:\/\/www.europesays.com\/ee\/wp-json\/wp\/v2\/media\/196939"}],"wp:attachment":[{"href":"https:\/\/www.europesays.com\/ee\/wp-json\/wp\/v2\/media?parent=196938"}],"wp:term":[{"taxonomy":"category","embeddable":true,"href":"https:\/\/www.europesays.com\/ee\/wp-json\/wp\/v2\/categories?post=196938"},{"taxonomy":"post_tag","embeddable":true,"href":"https:\/\/www.europesays.com\/ee\/wp-json\/wp\/v2\/tags?post=196938"}],"curies":[{"name":"wp","href":"https:\/\/api.w.org\/{rel}","templated":true}]}}