{"id":196963,"date":"2026-06-06T13:31:07","date_gmt":"2026-06-06T13:31:07","guid":{"rendered":"https:\/\/www.europesays.com\/ee\/196963\/"},"modified":"2026-06-06T13:31:07","modified_gmt":"2026-06-06T13:31:07","slug":"el-i-uus-plaan-kandidaatriikidele-tahetakse-pakkuda-moningaid-liikmesushuvesid","status":"publish","type":"post","link":"https:\/\/www.europesays.com\/ee\/196963\/","title":{"rendered":"EL-i uus plaan: kandidaatriikidele tahetakse pakkuda m\u00f5ningaid liikmesush\u00fcvesid"},"content":{"rendered":"<p><a rel=\"noopener nofollow\" target=\"_blank\" href=\"https:\/\/www.delfi.ee\/teema\/56815074\/montenegro\" tag-id=\"56815074\">Montenegros<\/a> toimunud EL-i juhtide kohtumisel k\u00e4idi v\u00e4lja v\u00f5imalus anda L\u00e4\u00e4ne-<a rel=\"noopener nofollow\" target=\"_blank\" href=\"https:\/\/www.delfi.ee\/teema\/56935910\/balkan\" tag-id=\"56935910\">Balkani<\/a> kandidaatriikidele enne \u00fchinemisprotsessi l\u00f5puleviimist vaatlejastaatus liidu institutsioonides ja piiratud juurdep\u00e4\u00e4s \u00fchtsele turule, vahendab Politico.<\/p>\n<p>Albaania, Bosnia ja Hertsegoviina, Montenegro, P\u00f5hja-Makedoonia ja Serbia on aastaid oodanud liitumistingimuste selgumist. Saksamaa ja Prantsusmaa ettepanekut anda nendele riikidele liitumiseelsed h\u00fcved peetakse viisiks v\u00e4ltida pettumust.<\/p>\n<p>Eesti peaminister <a rel=\"noopener nofollow\" target=\"_blank\" href=\"https:\/\/www.delfi.ee\/teema\/56497582\/kristen-michal\" tag-id=\"56497582\">Kristen Michal<\/a> \u00fctles p\u00e4rast k\u00f5nelusi, et ettepanekut v\u00f5eti kuulda. \u201eMe peaksime v\u00e4hemalt arutelu alustama, sest kui sa n\u00e4ed oma raske t\u00f6\u00f6, reformide ja muu tulemusi, on motivatsioon sellega j\u00e4tkata palju suurem.\u201c<\/p>\n<p>Michali s\u00f5nul peaks eesm\u00e4rgiks alati j\u00e4\u00e4ma t\u00e4isliikmesus. Ta m\u00e4rkis, et kandidaatriikidel j\u00e4\u00e4b alati ootus, et EL t\u00e4idab oma lubadused ja riikidele antakse liikmesus p\u00e4rast tingimuste t\u00e4itmist.<\/p>\n<p>\u00dcks k\u00f5rge EL-i ametnik \u00fctles, et plaani v\u00e4ljavaated on positiivsed. \u201eN\u00fc\u00fcd on vaja vaadata, mida see t\u00e4psemalt endas h\u00f5lmab, kuulata teiste arvamusi ja saavutada konsensus.\u201c<\/p>\n<p>Osa inimesi on aga mures, et samm looks liidus teisej\u00e4rgulised riigid, kes peavad ilma s\u00f5na\u00f5iguseta Br\u00fcsseli n\u00f5udeid t\u00e4itma. Vaatamata asjaolule, et ettepanek on suunatud L\u00e4\u00e4ne-Balkani riikidele, hoiatas Ukraina suursaadik EL-is Vsevolod T\u0161entsov olukorra eest, kus Ukrainale pakutakse k\u00f5ike peale t\u00e4isliikmesuse. <\/p>\n<p>\u201eSee tekitab ohu, et tekib kaks kandidaatriikide kategooriat: need, kelle jaoks integratsioon viib liikmesuseni, ja need, kelle jaoks integratsioon v\u00f5ib muutuda liikmesuse asendajaks,\u201c \u00fctles ta.<\/p>\n<p>Samal ajal ei soovi liikmesuse saavutamisele l\u00e4hedal olev Montenegro olla riikide seas, kellele v\u00f5imalikke h\u00fcvesid pakutaks. Riik on t\u00e4itnud oma kohustused, et nautida k\u00f5iki liikmesusega kaasnevaid \u00f5igusi ja t\u00e4ita k\u00f5iki kohustusi, \u00fctles peaminister Milojko Spaji\u0107.<\/p>\n<p>Kuidas see lugu Sind end tundma pani? Saada <a href=\"https:\/\/www.delfi.ee\/artikkel\/120589033\/el-i-uus-plaan-kandidaatriikidele-tahetakse-pakkuda-moningaid-liikmesushuvesid\/kommentaarid\" class=\"article-body-bottom__comment article-body-bottom__comment--write button button--primary button--size-auto\" rel=\"nofollow noopener\" target=\"_blank\"> Kommenteeri <\/a><a href=\"https:\/\/www.delfi.ee\/artikkel\/120589033\/el-i-uus-plaan-kandidaatriikidele-tahetakse-pakkuda-moningaid-liikmesushuvesid\/kommentaarid\" class=\"article-body-bottom__comment article-body-bottom__comment--read button button--size-auto\" rel=\"nofollow noopener\" target=\"_blank\"> Loe kommentaare (13)<\/a><\/p>\n","protected":false},"excerpt":{"rendered":"Montenegros toimunud EL-i juhtide kohtumisel k\u00e4idi v\u00e4lja v\u00f5imalus anda L\u00e4\u00e4ne-Balkani kandidaatriikidele enne \u00fchinemisprotsessi l\u00f5puleviimist vaatlejastaatus liidu institutsioonides ja&hellip;\n","protected":false},"author":2,"featured_media":196964,"comment_status":"","ping_status":"","sticky":false,"template":"","format":"standard","meta":{"footnotes":"","_share_on_mastodon":"0"},"categories":[80],"tags":[13179,26,27,37,33,35,34,36,590,31,32,21,646,28,29,95,10182,19,25,23,24,22,20,30,92,93,94],"class_list":["post-196963","post","type-post","status-publish","format-standard","has-post-thumbnail","category-maailm","tag-balkan","tag-breaking-news","tag-breakingnews","tag-ee","tag-eesti","tag-eesti-keel","tag-estonia","tag-estonian","tag-euroopa-liit","tag-featured-news","tag-featurednews","tag-headlines","tag-kristen-michal","tag-latest-news","tag-latestnews","tag-maailm","tag-montenegro","tag-news","tag-populaarseimad-lood","tag-top-stories","tag-topstories","tag-uldised-uudised","tag-uudised","tag-viimased-uudised","tag-world","tag-world-news","tag-worldnews"],"share_on_mastodon":{"url":"https:\/\/pubeurope.com\/@ee\/116703414719508023","error":""},"_links":{"self":[{"href":"https:\/\/www.europesays.com\/ee\/wp-json\/wp\/v2\/posts\/196963","targetHints":{"allow":["GET"]}}],"collection":[{"href":"https:\/\/www.europesays.com\/ee\/wp-json\/wp\/v2\/posts"}],"about":[{"href":"https:\/\/www.europesays.com\/ee\/wp-json\/wp\/v2\/types\/post"}],"author":[{"embeddable":true,"href":"https:\/\/www.europesays.com\/ee\/wp-json\/wp\/v2\/users\/2"}],"replies":[{"embeddable":true,"href":"https:\/\/www.europesays.com\/ee\/wp-json\/wp\/v2\/comments?post=196963"}],"version-history":[{"count":0,"href":"https:\/\/www.europesays.com\/ee\/wp-json\/wp\/v2\/posts\/196963\/revisions"}],"wp:featuredmedia":[{"embeddable":true,"href":"https:\/\/www.europesays.com\/ee\/wp-json\/wp\/v2\/media\/196964"}],"wp:attachment":[{"href":"https:\/\/www.europesays.com\/ee\/wp-json\/wp\/v2\/media?parent=196963"}],"wp:term":[{"taxonomy":"category","embeddable":true,"href":"https:\/\/www.europesays.com\/ee\/wp-json\/wp\/v2\/categories?post=196963"},{"taxonomy":"post_tag","embeddable":true,"href":"https:\/\/www.europesays.com\/ee\/wp-json\/wp\/v2\/tags?post=196963"}],"curies":[{"name":"wp","href":"https:\/\/api.w.org\/{rel}","templated":true}]}}