{"id":197194,"date":"2026-06-06T21:36:06","date_gmt":"2026-06-06T21:36:06","guid":{"rendered":"https:\/\/www.europesays.com\/ee\/197194\/"},"modified":"2026-06-06T21:36:06","modified_gmt":"2026-06-06T21:36:06","slug":"albaanlased-protestisid-seitsmendat-paeva-jarjest-jared-kushneri-ja-ivanka-trumpi-luksusarenduse-vastu","status":"publish","type":"post","link":"https:\/\/www.europesays.com\/ee\/197194\/","title":{"rendered":"Albaanlased protestisid seitsmendat p\u00e4eva j\u00e4rjest Jared Kushneri ja Ivanka Trumpi luksusarenduse vastu"},"content":{"rendered":"<p>Aktivistid on nimetanud seda flamingorevolutsiooniks, v\u00f5ttes roosa flamingo eluslooduse s\u00fcmboliks, mis nende s\u00f5nul h\u00e4vineb, kui projekt j\u00e4tkub.<\/p>\n<p>USA president <a rel=\"noopener nofollow\" target=\"_blank\" href=\"https:\/\/www.delfi.ee\/teema\/32758637\/donald-trump\" tag-id=\"32758637\">Donald Trumpi<\/a> v\u00e4imees kuulub investorite r\u00fchma, kes kavatseb muuta Sazan saare \u2013 kunagise salajase kommunistliku s\u00f5jav\u00e4ebaasi Aadria mere rannikul \u2013 luksuslikuks turismisihtkohaks. Investorid plaanivad hotelle ka Vjosa-Narta kaitseala \u00fcmbritsevasse piirkonda, mis on keskkonnakaitsjate s\u00f5nul rikas eluslooduse, sealhulgas flamingo elupaikade poolest.<\/p>\n<p>Ivanka Trump, president Trumpi vanim t\u00fctar, viitas enda ja abikaasa plaanidele eelmisel kuul podcastis \u201eFounders\u201c. \u201eMa t\u00f6\u00f6tan oma abikaasaga uskumatult suure projekti kallal Vahemeremaades,\u201c \u00fctles ta. Tema s\u00f5nul oli ta saare koos Jared Kushneriga \u201eavastanud\u201c s\u00f5pradega purjetades.<\/p>\n<p>\u201eMe ujusime saarele, matkasime paljajalu ja olime lihtsalt lummatud,\u201c \u00fctles ta.<\/p>\n<p><a href=\"http:\/\/www.delfi.ee\/artikkel\/120588270\/albaanias-protestitakse-trumpi-vaimehega-seostatava-kuurordiprojekti-vastu#dalrel-in-article\" class=\"content-embedded-articles-single__embedded-article\" data-v-469265ed=\"\" rel=\"nofollow noopener\" target=\"_blank\"><\/p>\n<p> 03.06.2026 <\/p>\n<p> Albaanias protestitakse Trumpi v\u00e4imehega seostatava kuurordiprojekti vastu  (4) <\/p>\n<p><\/a><\/p>\n<p>Pinge eskaleerus j\u00e4rsult eelmisel kuul, kui arenduse t\u00f6\u00f6tajad ja buldooserid alustasid saarel lammutamist. Kaadrid aktivistist, keda lohistatakse arendusest eemale, hakkasid ohtralt veebis levima. Tuhanded inimesed on p\u00e4rast seda igal \u00f5htul Albaania pealinnas t\u00e4navatele tulnud. <\/p>\n<p>Kohaliku meedia andmetel alustas Albaania prokuratuur selle n\u00e4dala alguses projekti seaduslikkuse uurimist.<\/p>\n<p>Albaania peaminister Edi Rama on \u00f6elnud, et projekt l\u00e4heb vaatamata suurenevale avalikule survele edasi.<\/p>\n<p>Kuidas see lugu Sind end tundma pani? Saada <a href=\"https:\/\/www.delfi.ee\/artikkel\/120589078\/albaanlased-protestisid-seitsmendat-paeva-jarjest-jared-kushneri-ja-ivanka-trumpi-luksusarenduse-vastu\/kommentaarid\" class=\"article-body-bottom__comment article-body-bottom__comment--write button button--primary button--size-auto\" rel=\"nofollow noopener\" target=\"_blank\"> Kommenteeri <\/a><a href=\"https:\/\/www.delfi.ee\/artikkel\/120589078\/albaanlased-protestisid-seitsmendat-paeva-jarjest-jared-kushneri-ja-ivanka-trumpi-luksusarenduse-vastu\/kommentaarid\" class=\"article-body-bottom__comment article-body-bottom__comment--read button button--size-auto\" rel=\"nofollow noopener\" target=\"_blank\"> Loe kommentaare (1)<\/a><\/p>\n","protected":false},"excerpt":{"rendered":"Aktivistid on nimetanud seda flamingorevolutsiooniks, v\u00f5ttes roosa flamingo eluslooduse s\u00fcmboliks, mis nende s\u00f5nul h\u00e4vineb, kui projekt j\u00e4tkub. USA&hellip;\n","protected":false},"author":2,"featured_media":197195,"comment_status":"","ping_status":"","sticky":false,"template":"","format":"standard","meta":{"footnotes":"","_share_on_mastodon":"0"},"categories":[80],"tags":[1251,26,27,324,37,33,35,34,36,31,32,21,2108,8831,28,29,95,317,19,25,1263,83035,16765,13763,23,24,22,20,30,92,93,94],"class_list":["post-197194","post","type-post","status-publish","format-standard","has-post-thumbnail","category-maailm","tag-albaania","tag-breaking-news","tag-breakingnews","tag-donald-trump","tag-ee","tag-eesti","tag-eesti-keel","tag-estonia","tag-estonian","tag-featured-news","tag-featurednews","tag-headlines","tag-ivanka-trump","tag-jared-kushner","tag-latest-news","tag-latestnews","tag-maailm","tag-meeleavaldus","tag-news","tag-populaarseimad-lood","tag-protest","tag-protestiaktsioon","tag-protestid","tag-protestijad","tag-top-stories","tag-topstories","tag-uldised-uudised","tag-uudised","tag-viimased-uudised","tag-world","tag-world-news","tag-worldnews"],"share_on_mastodon":{"url":"","error":"Validation failed: Text character limit of 500 exceeded"},"_links":{"self":[{"href":"https:\/\/www.europesays.com\/ee\/wp-json\/wp\/v2\/posts\/197194","targetHints":{"allow":["GET"]}}],"collection":[{"href":"https:\/\/www.europesays.com\/ee\/wp-json\/wp\/v2\/posts"}],"about":[{"href":"https:\/\/www.europesays.com\/ee\/wp-json\/wp\/v2\/types\/post"}],"author":[{"embeddable":true,"href":"https:\/\/www.europesays.com\/ee\/wp-json\/wp\/v2\/users\/2"}],"replies":[{"embeddable":true,"href":"https:\/\/www.europesays.com\/ee\/wp-json\/wp\/v2\/comments?post=197194"}],"version-history":[{"count":0,"href":"https:\/\/www.europesays.com\/ee\/wp-json\/wp\/v2\/posts\/197194\/revisions"}],"wp:featuredmedia":[{"embeddable":true,"href":"https:\/\/www.europesays.com\/ee\/wp-json\/wp\/v2\/media\/197195"}],"wp:attachment":[{"href":"https:\/\/www.europesays.com\/ee\/wp-json\/wp\/v2\/media?parent=197194"}],"wp:term":[{"taxonomy":"category","embeddable":true,"href":"https:\/\/www.europesays.com\/ee\/wp-json\/wp\/v2\/categories?post=197194"},{"taxonomy":"post_tag","embeddable":true,"href":"https:\/\/www.europesays.com\/ee\/wp-json\/wp\/v2\/tags?post=197194"}],"curies":[{"name":"wp","href":"https:\/\/api.w.org\/{rel}","templated":true}]}}