{"id":197208,"date":"2026-06-06T22:07:10","date_gmt":"2026-06-06T22:07:10","guid":{"rendered":"https:\/\/www.europesays.com\/ee\/197208\/"},"modified":"2026-06-06T22:07:10","modified_gmt":"2026-06-06T22:07:10","slug":"piletid-muugil-eesti-voorustab-a-le-coq-arenal-balti-turniiri-finaalis-leedut-soccernet-ee","status":"publish","type":"post","link":"https:\/\/www.europesays.com\/ee\/197208\/","title":{"rendered":"Piletid m\u00fc\u00fcgil: Eesti v\u00f5\u00f5rustab A. Le Coq Arenal Balti turniiri finaalis Leedut &#8211; Soccernet.ee"},"content":{"rendered":"<p><img decoding=\"async\" src=\"https:\/\/www.europesays.com\/ee\/wp-content\/uploads\/2026\/06\/1780768315.jpg\" alt=\"Eesti koondise f\u00e4nnid P\u00e4rnu Rannastaadionil. Foto:  Liisi Troska \/ jalgpall.ee\"\/>&#13;\n<\/p>\n<p>Eesti Jalgpalli Liit teatas umbes pool tundi p\u00e4rast P\u00e4rnu Rannastaadionil k\u00f5lanud l\u00f5puvilet, et m\u00fc\u00fcgile tulid piletid Balti turniiri finaalile, mis toimub 9. juunil Eesti ja Leedu vahel.<\/p>\n<p>Pall pannakse 9. juunil A. Le Coq Arenal m\u00e4ngu kell 19.00. M\u00f5lemad meeskonnad alustasid t\u00e4navust Balti turniiri v\u00f5iduga \u2013 Eesti kohtus poolfinaalis F\u00e4\u00e4ri saartega ning v\u00f5itis P\u00e4rnu Rannastaadionil Tony Varjundi deb\u00fc\u00fctv\u00e4ravast 1:0, Leedu alistas koduv\u00e4ljakul 1:1 l\u00f5ppenud normaalaja j\u00e4rel penaltiseerias 5:4 L\u00e4ti.&#13;\n<\/p>\n<p>Eelmisel, 2024. aastal toimunud Balti turniiril l\u00e4ksid Eesti ja Leedu omavahel vastamisi samuti finaalis. Toona l\u00f5ppes normaalaega 1:1 viigiga \u2013 Eesti v\u00e4rava l\u00f5i Mark Anders Lepik \u2013 ning penaltiseerias oli Eesti 4:3 \u00fcle.&#13;\n<\/p>\n<p>Eesti koondis on v\u00f5itnud viimasest kolmest Balti turniirist kaks \u2013 2021. ja 2024. aastal. \u00dcks turniir peeti ka 2022. aasta s\u00fcgisel, toona v\u00f5idutses k\u00fclaliskoondisena osalenud Island. Kokku on Eesti v\u00f5itnud Balti turniiri viis korda, Leedu k\u00fcmme ja L\u00e4ti rekordilised 13 korda.<\/p>\n<p>Piletid Eesti ja Leedu vahelisele kohtumisele on m\u00fc\u00fcgil <a href=\"https:\/\/www.piletilevi.ee\/piletid\/WMI6SPYGPY\/eesti-leedu-balti-turniir\" target=\"https:\/\/www.piletilevi.ee\/piletid\/WMI6SPYGPY\/eesti-leedu-balti-turniir\" rel=\"nofollow noopener\">Piletilevis<\/a> ja <a href=\"https:\/\/jalgpall.ee\/koondis\/1\/uudised\" target=\"https:\/\/jalgpall.ee\/koondis\/1\/uudised\" rel=\"nofollow noopener\">Eesti Jalgpalli Liidu kodulehel<\/a>.&#13;<\/p>\n","protected":false},"excerpt":{"rendered":"&#13; Eesti Jalgpalli Liit teatas umbes pool tundi p\u00e4rast P\u00e4rnu Rannastaadionil k\u00f5lanud l\u00f5puvilet, et m\u00fc\u00fcgile tulid piletid Balti&hellip;\n","protected":false},"author":2,"featured_media":197209,"comment_status":"","ping_status":"","sticky":false,"template":"","format":"standard","meta":{"footnotes":"","_share_on_mastodon":"0"},"categories":[18],"tags":[5288,9597,37,33,2246,35,5289,5290,1346,34,36,115,4119,159,158],"class_list":["post-197208","post","type-post","status-publish","format-standard","has-post-thumbnail","category-sport","tag-a-le-coq-arena","tag-balti-turniir","tag-ee","tag-eesti","tag-eesti-jalgpalli-liit","tag-eesti-keel","tag-eesti-koondis","tag-eesti-meeste-koondis","tag-ejl","tag-estonia","tag-estonian","tag-leedu","tag-leedu-koondis","tag-sport","tag-sports"],"share_on_mastodon":{"url":"https:\/\/pubeurope.com\/@ee\/116705443724977985","error":""},"_links":{"self":[{"href":"https:\/\/www.europesays.com\/ee\/wp-json\/wp\/v2\/posts\/197208","targetHints":{"allow":["GET"]}}],"collection":[{"href":"https:\/\/www.europesays.com\/ee\/wp-json\/wp\/v2\/posts"}],"about":[{"href":"https:\/\/www.europesays.com\/ee\/wp-json\/wp\/v2\/types\/post"}],"author":[{"embeddable":true,"href":"https:\/\/www.europesays.com\/ee\/wp-json\/wp\/v2\/users\/2"}],"replies":[{"embeddable":true,"href":"https:\/\/www.europesays.com\/ee\/wp-json\/wp\/v2\/comments?post=197208"}],"version-history":[{"count":0,"href":"https:\/\/www.europesays.com\/ee\/wp-json\/wp\/v2\/posts\/197208\/revisions"}],"wp:featuredmedia":[{"embeddable":true,"href":"https:\/\/www.europesays.com\/ee\/wp-json\/wp\/v2\/media\/197209"}],"wp:attachment":[{"href":"https:\/\/www.europesays.com\/ee\/wp-json\/wp\/v2\/media?parent=197208"}],"wp:term":[{"taxonomy":"category","embeddable":true,"href":"https:\/\/www.europesays.com\/ee\/wp-json\/wp\/v2\/categories?post=197208"},{"taxonomy":"post_tag","embeddable":true,"href":"https:\/\/www.europesays.com\/ee\/wp-json\/wp\/v2\/tags?post=197208"}],"curies":[{"name":"wp","href":"https:\/\/api.w.org\/{rel}","templated":true}]}}