{"id":197324,"date":"2026-06-07T06:55:10","date_gmt":"2026-06-07T06:55:10","guid":{"rendered":"https:\/\/www.europesays.com\/ee\/197324\/"},"modified":"2026-06-07T06:55:10","modified_gmt":"2026-06-07T06:55:10","slug":"kolm-kumnendit-tipus-hendrik-sal-saller-on-leidnud-enda-korvale-oige-inimese-teda-ei-ole-alati-lihtne-leida","status":"publish","type":"post","link":"https:\/\/www.europesays.com\/ee\/197324\/","title":{"rendered":"Kolm k\u00fcmnendit tipus. Hendrik Sal-Saller on leidnud enda k\u00f5rvale \u00f5ige inimese: teda ei ole alati lihtne leida"},"content":{"rendered":"<p>Heas vormis, tumedasse nahktagisse riietunud ja stiilseid p\u00e4ikeseprille kandev Hendrik Sal-Saller n\u00e4eb v\u00e4lja nagu Eesti oma Mick Jagger. Kui ei teaks, et ta t\u00e4histas aasta algul 60 aasta juubelit, ei usuks seda, sest nii nooruslik paistab elup\u00f5line rokkar.<\/p>\n<p>Hendrik ei ole skandaalidega meediav\u00e4ljaannete esikaantele tr\u00fcginud. Suuremalt jaolt pole ta \u00fcldse teadlikult t\u00e4helepanu p\u00fc\u00fcdnud. Pigem vastupidi. Hendrik on hoidnud tagasihoidlikku joont, kuigi v\u00f5iks eeldada, et 1980ndate alguses punkb\u00e4ndiga Generaator M viisakaid riigialamaid \u0161okeerinud noormees teeb m\u00f6llu ka hiljem. Siiski on Hendrik \u00fcks neist muusikutest, kellega Kroonika on teinud k\u00f5ige rohkem intervjuusid.<\/p>\n<p>Oled juba tellija?Logi sisse<\/p>\n","protected":false},"excerpt":{"rendered":"Heas vormis, tumedasse nahktagisse riietunud ja stiilseid p\u00e4ikeseprille kandev Hendrik Sal-Saller n\u00e4eb v\u00e4lja nagu Eesti oma Mick Jagger.&hellip;\n","protected":false},"author":2,"featured_media":197325,"comment_status":"","ping_status":"","sticky":false,"template":"","format":"standard","meta":{"footnotes":"","_share_on_mastodon":"0"},"categories":[16],"tags":[37,33,35,173,34,36,16289,140,28105],"class_list":["post-197324","post","type-post","status-publish","format-standard","has-post-thumbnail","category-meelelahutus","tag-ee","tag-eesti","tag-eesti-keel","tag-entertainment","tag-estonia","tag-estonian","tag-hendrik-sal-saller","tag-meelelahutus","tag-smilers"],"share_on_mastodon":{"url":"https:\/\/pubeurope.com\/@ee\/116707519527945636","error":""},"_links":{"self":[{"href":"https:\/\/www.europesays.com\/ee\/wp-json\/wp\/v2\/posts\/197324","targetHints":{"allow":["GET"]}}],"collection":[{"href":"https:\/\/www.europesays.com\/ee\/wp-json\/wp\/v2\/posts"}],"about":[{"href":"https:\/\/www.europesays.com\/ee\/wp-json\/wp\/v2\/types\/post"}],"author":[{"embeddable":true,"href":"https:\/\/www.europesays.com\/ee\/wp-json\/wp\/v2\/users\/2"}],"replies":[{"embeddable":true,"href":"https:\/\/www.europesays.com\/ee\/wp-json\/wp\/v2\/comments?post=197324"}],"version-history":[{"count":0,"href":"https:\/\/www.europesays.com\/ee\/wp-json\/wp\/v2\/posts\/197324\/revisions"}],"wp:featuredmedia":[{"embeddable":true,"href":"https:\/\/www.europesays.com\/ee\/wp-json\/wp\/v2\/media\/197325"}],"wp:attachment":[{"href":"https:\/\/www.europesays.com\/ee\/wp-json\/wp\/v2\/media?parent=197324"}],"wp:term":[{"taxonomy":"category","embeddable":true,"href":"https:\/\/www.europesays.com\/ee\/wp-json\/wp\/v2\/categories?post=197324"},{"taxonomy":"post_tag","embeddable":true,"href":"https:\/\/www.europesays.com\/ee\/wp-json\/wp\/v2\/tags?post=197324"}],"curies":[{"name":"wp","href":"https:\/\/api.w.org\/{rel}","templated":true}]}}