{"id":197469,"date":"2026-06-07T11:13:10","date_gmt":"2026-06-07T11:13:10","guid":{"rendered":"https:\/\/www.europesays.com\/ee\/197469\/"},"modified":"2026-06-07T11:13:10","modified_gmt":"2026-06-07T11:13:10","slug":"evea-presidendina-jatkab-saarlane-ille-nakurt-murumaa","status":"publish","type":"post","link":"https:\/\/www.europesays.com\/ee\/197469\/","title":{"rendered":"EVEA presidendina j\u00e4tkab saarlane Ille Nakurt-Murumaa"},"content":{"rendered":"<p>\u201cV\u00e4ikeettev\u00f5tjate jaoks on keskseteks probleemideks riigi j\u00e4rjest kasvav b\u00fcrokraatia ning prognoosimatult halvenev maksukeskkond. V\u00e4ikeettev\u00f5tlusega alustamine ja tegelemine peab olema v\u00f5imalikult b\u00fcrokraatiavaba,\u201d m\u00e4rkis EVEA president Ille Nakurt-Murumaa.<\/p>\n<p>\u201cN\u00e4iteks tuleks t\u00f5sta k\u00e4ibemaksuvaba miinimumi 100 000 euroni, et v\u00e4ikeettev\u00f5tetel oleks \u00fcldse v\u00f5imalik kasvama hakata.\u201d<\/p>\n<p>Nakurt-Murumaa s\u00f5nul toetab v\u00e4ikeettev\u00f5tlus oluliselt Eesti regionaalset arengut ja julgeolekut.<\/p>\n<p>\u201c95% Eesti ettev\u00f5tetest on alla k\u00fcmne t\u00f6\u00f6tajaga mikroettev\u00f5tted ja ligi 80% Eesti t\u00f6\u00f6tajatest t\u00f6\u00f6tavad v\u00e4ike- ja keskmistes ettev\u00f5tetes,\u201d lisas ta.<\/p>\n<p>EVEA volikogusse valiti Katre Arula (Eesti Rahvakunsti ja K\u00e4sit\u00f6\u00f6 Liit MT\u00dc), Ester Eomois (Positsioon O\u00dc), Valdek Haugas (Tripo O\u00dc), Marina Kaas (ManNet Partners Baltics O\u00dc), Liina Karlson (Eesti Juristide Liit MT\u00dc), Karmo Kivi (Balanced Life O\u00dc), Meljo Musto (Melsum O\u00dc), Ille Nakurt-Murumaa (Tondihobu O\u00dc), Kaul Nurm (Peoleo O\u00dc), Andrus Pedai (AS Eesti Ettev\u00f5tlusk\u00f5rgkool Mainor), Erle Raudsepp (Devdelux O\u00dc), Mait Ruut (Raditex O\u00dc), Siiri S\u00e4nn (Tuleviku Tulud O\u00dc) ja Jana Volt (Diritti O\u00dc).<\/p>\n","protected":false},"excerpt":{"rendered":"\u201cV\u00e4ikeettev\u00f5tjate jaoks on keskseteks probleemideks riigi j\u00e4rjest kasvav b\u00fcrokraatia ning prognoosimatult halvenev maksukeskkond. V\u00e4ikeettev\u00f5tlusega alustamine ja tegelemine peab&hellip;\n","protected":false},"author":2,"featured_media":197470,"comment_status":"","ping_status":"","sticky":false,"template":"","format":"standard","meta":{"footnotes":"","_share_on_mastodon":"0"},"categories":[80],"tags":[26,27,37,33,35,39694,34,36,39693,31,32,21,57898,28,29,95,19,25,23,24,22,20,3438,30,92,93,94],"class_list":["post-197469","post","type-post","status-publish","format-standard","has-post-thumbnail","category-maailm","tag-breaking-news","tag-breakingnews","tag-ee","tag-eesti","tag-eesti-keel","tag-eesti-vaike-ja-keskmiste-ettevotjate-assotsiatsioon","tag-estonia","tag-estonian","tag-evea","tag-featured-news","tag-featurednews","tag-headlines","tag-ille-nakurt-murumaa","tag-latest-news","tag-latestnews","tag-maailm","tag-news","tag-populaarseimad-lood","tag-top-stories","tag-topstories","tag-uldised-uudised","tag-uudised","tag-vaikeettevotlus","tag-viimased-uudised","tag-world","tag-world-news","tag-worldnews"],"share_on_mastodon":{"url":"https:\/\/pubeurope.com\/@ee\/116708534377784934","error":""},"_links":{"self":[{"href":"https:\/\/www.europesays.com\/ee\/wp-json\/wp\/v2\/posts\/197469","targetHints":{"allow":["GET"]}}],"collection":[{"href":"https:\/\/www.europesays.com\/ee\/wp-json\/wp\/v2\/posts"}],"about":[{"href":"https:\/\/www.europesays.com\/ee\/wp-json\/wp\/v2\/types\/post"}],"author":[{"embeddable":true,"href":"https:\/\/www.europesays.com\/ee\/wp-json\/wp\/v2\/users\/2"}],"replies":[{"embeddable":true,"href":"https:\/\/www.europesays.com\/ee\/wp-json\/wp\/v2\/comments?post=197469"}],"version-history":[{"count":0,"href":"https:\/\/www.europesays.com\/ee\/wp-json\/wp\/v2\/posts\/197469\/revisions"}],"wp:featuredmedia":[{"embeddable":true,"href":"https:\/\/www.europesays.com\/ee\/wp-json\/wp\/v2\/media\/197470"}],"wp:attachment":[{"href":"https:\/\/www.europesays.com\/ee\/wp-json\/wp\/v2\/media?parent=197469"}],"wp:term":[{"taxonomy":"category","embeddable":true,"href":"https:\/\/www.europesays.com\/ee\/wp-json\/wp\/v2\/categories?post=197469"},{"taxonomy":"post_tag","embeddable":true,"href":"https:\/\/www.europesays.com\/ee\/wp-json\/wp\/v2\/tags?post=197469"}],"curies":[{"name":"wp","href":"https:\/\/api.w.org\/{rel}","templated":true}]}}