{"id":197476,"date":"2026-06-07T11:25:11","date_gmt":"2026-06-07T11:25:11","guid":{"rendered":"https:\/\/www.europesays.com\/ee\/197476\/"},"modified":"2026-06-07T11:25:11","modified_gmt":"2026-06-07T11:25:11","slug":"eesti-motosportlased-olid-lati-mm-ja-em-etapil-stardiga-hadas-motosport","status":"publish","type":"post","link":"https:\/\/www.europesays.com\/ee\/197476\/","title":{"rendered":"Eesti motosportlased olid L\u00e4ti MM- ja EM-etapil stardiga h\u00e4das | Motosport"},"content":{"rendered":"<p>Sel n\u00e4dalavahetusel toimub L\u00e4tis Kegumsi krossirajal motokrossi maailmameistriv\u00f5istluste kaheksas etapp. MXGP klassi kvalifikatsioonis\u00f5idus sai J\u00f6rgen-Matthias Talviku parima eestlasena 21. koha.<\/p>\n<p>MXGP klassis oli L\u00e4ti etapil stardis kolm eestlast. Sel hooajal juba varasemalt MM-etapil karastust saanud J\u00f6rgen-Matthias Talviku sai ajas\u00f5idus Kegumsi rajaga \u00fcsna h\u00e4sti s\u00f5braks ja ta suutis tugevas konkurentsis v\u00e4lja s\u00f5ita 16. ringiaja. Kvalifikatsioonis\u00f5it algas Talviku jaoks kukkumisega ja viimaselt kohalt j\u00e4tkamisega. Eestlane kerkis kiirelt 20. kohale, aga tegi seej\u00e4rel ka v\u00e4ikese s\u00f5iduvea ning k\u00f5rgesse m\u00e4ngu enam ei sekkunud. Talviku l\u00f5petas 21. kohaga, Erki Kahro 23. kohaga ning Kaarel Tilk 24. kohaga, vahendab <a href=\"https:\/\/msport.ee\/2026\/06\/06\/motokrossi-mm-ja-em-etapil-latis-olid-eestlased-hadas-startidega\/\" target=\"_blank\" rel=\"noopener nofollow\">msport.ee<\/a>.<\/p>\n<p>EMX 250 klassis oli ajas\u00f5itudes edasip\u00e4\u00e4su finaalidesse p\u00fc\u00fcdma neli eestlast. A-grupis oli ainsa eestlasena rajal Romeo Pikand, kes p\u00e4\u00e4ses 19. p\u00f5his\u00f5itudesse. B-grupis p\u00fc\u00fcdis Sebastian Leok k\u00f5rgeid kohti ning saavutas kvalifikatsioonis kuuenda koha, aga laup\u00e4evases p\u00f5his\u00f5idus langes ta eba\u00f5nnestunud stardi j\u00e4rel 27. kohale. Leok parandas oma positsiooni palju ning l\u00f5petas s\u00f5idu 13. kohaga. Richard Paat kukkus kohe s\u00f5idu alguses ja tegi k\u00e4ele haiget ning l\u00f5petas s\u00f5idu 29. kohal, Pikand katkestas kuuendal ringil.<\/p>\n<p>EMX 125 klassis oli kodusele L\u00e4ti etapile v\u00f5istlema tulnud kuus eestlast. Ajas\u00f5itudes v\u00f5itles Lucas Leok esikoha eest, vigastuspausi l\u00f5petanud Travis Leok saavutas oma grupis seitsmenda aja. B-grupis oli eestlastest kiireim Marten Raud, kes sai ajaga 2.10,828 kaheksanda koha.<\/p>\n<p>Paraku eba\u00f5nnestusid eestlased p\u00f5his\u00f5idu stardis, neljanda stardikoha valinud Lucas Leok langes juba esimestes kurvides esimese 20 hulgast v\u00e4lja. L\u00f5puks parandas ta aga nii palju oma positsiooni, et l\u00f5petas \u00fcheksanda kohaga. Travis Leok p\u00e4lvis 19. koha, aga Raud kukkus \u00fcpris r\u00e4ngalt ja pidi m\u00f5nda aega end koguma. L\u00f5puks sai ta ikkagi teele tagasi ning saavutas 33. koha.<\/p>\n","protected":false},"excerpt":{"rendered":"Sel n\u00e4dalavahetusel toimub L\u00e4tis Kegumsi krossirajal motokrossi maailmameistriv\u00f5istluste kaheksas etapp. MXGP klassi kvalifikatsioonis\u00f5idus sai J\u00f6rgen-Matthias Talviku parima eestlasena&hellip;\n","protected":false},"author":2,"featured_media":197477,"comment_status":"","ping_status":"","sticky":false,"template":"","format":"standard","meta":{"footnotes":"","_share_on_mastodon":"0"},"categories":[12],"tags":[26,27,37,33,35,34,36,31,32,21,7535,28,29,60619,19,25,67507,23,24,68610,22,20,30],"class_list":["post-197476","post","type-post","status-publish","format-standard","has-post-thumbnail","category-eesti","tag-breaking-news","tag-breakingnews","tag-ee","tag-eesti","tag-eesti-keel","tag-estonia","tag-estonian","tag-featured-news","tag-featurednews","tag-headlines","tag-jorgen-matthias-talviku","tag-latest-news","tag-latestnews","tag-lucas-leok","tag-news","tag-populaarseimad-lood","tag-sebastian-leok","tag-top-stories","tag-topstories","tag-travis-leok","tag-uldised-uudised","tag-uudised","tag-viimased-uudised"],"share_on_mastodon":{"url":"https:\/\/pubeurope.com\/@ee\/116708581432526703","error":""},"_links":{"self":[{"href":"https:\/\/www.europesays.com\/ee\/wp-json\/wp\/v2\/posts\/197476","targetHints":{"allow":["GET"]}}],"collection":[{"href":"https:\/\/www.europesays.com\/ee\/wp-json\/wp\/v2\/posts"}],"about":[{"href":"https:\/\/www.europesays.com\/ee\/wp-json\/wp\/v2\/types\/post"}],"author":[{"embeddable":true,"href":"https:\/\/www.europesays.com\/ee\/wp-json\/wp\/v2\/users\/2"}],"replies":[{"embeddable":true,"href":"https:\/\/www.europesays.com\/ee\/wp-json\/wp\/v2\/comments?post=197476"}],"version-history":[{"count":0,"href":"https:\/\/www.europesays.com\/ee\/wp-json\/wp\/v2\/posts\/197476\/revisions"}],"wp:featuredmedia":[{"embeddable":true,"href":"https:\/\/www.europesays.com\/ee\/wp-json\/wp\/v2\/media\/197477"}],"wp:attachment":[{"href":"https:\/\/www.europesays.com\/ee\/wp-json\/wp\/v2\/media?parent=197476"}],"wp:term":[{"taxonomy":"category","embeddable":true,"href":"https:\/\/www.europesays.com\/ee\/wp-json\/wp\/v2\/categories?post=197476"},{"taxonomy":"post_tag","embeddable":true,"href":"https:\/\/www.europesays.com\/ee\/wp-json\/wp\/v2\/tags?post=197476"}],"curies":[{"name":"wp","href":"https:\/\/api.w.org\/{rel}","templated":true}]}}