{"id":197478,"date":"2026-06-07T11:33:13","date_gmt":"2026-06-07T11:33:13","guid":{"rendered":"https:\/\/www.europesays.com\/ee\/197478\/"},"modified":"2026-06-07T11:33:13","modified_gmt":"2026-06-07T11:33:13","slug":"mitme-raske-polvetraumaga-voidelnud-mark-anders-lepik-sai-kohtumises-faari-saartega-taas-viga","status":"publish","type":"post","link":"https:\/\/www.europesays.com\/ee\/197478\/","title":{"rendered":"Mitme raske p\u00f5lvetraumaga v\u00f5idelnud Mark Anders Lepik sai kohtumises F\u00e4\u00e4ri saartega taas viga"},"content":{"rendered":"<p>M\u00f5ningase pausi j\u00e4rel taas A-koondisesse p\u00e4\u00e4senud 25-aastane r\u00fcndaja Mark Anders Lepik alustas Balti turniiri poolfinaali F\u00e4\u00e4ri saarte vastu algkoosseisus, kuid pidi 37. minutil platsilt lahkuma.<\/p>\n<p>Lepik j\u00e4i p\u00e4rast vastaste kaitsjaga peetud duelli karistusalas murule lebama. Koheselt tulid v\u00e4ljakule arstid ning sama kiiresti sai ka selgeks, et r\u00fcndaja ei saa m\u00e4ngu j\u00e4tkata. Kui esialgu tundus, et Lepik v\u00f5is saada v\u00f5itluses valusa l\u00f6\u00f6gi, siis reaalsuses vigastas ta jalga. Paremast p\u00f5lvest kinni haaranud r\u00fcndaja on ka varasemalt kolmel korral olnud h\u00e4das raske p\u00f5lvevigastusega. Viimati pidas ta ristatisideme trauma t\u00f5ttu pikema v\u00f5istluspausi 2024. aastal, kui ta sai viga enne Slovakkiaga peetud Rahvuste liiga mat\u0161i.<\/p>\n<p>Ristatisideme trauma sai ta ka 2021. aastal Eesti koondises mat\u0161is Budapesti Ferencvarosega. T\u00f5sisem p\u00f5lvevigastus tabas Lepikut ka 2018. aastal.<\/p>\n<p>\u201eOli kuulda, et ta tegi p\u00f5lvele liiga. Tema t\u00e4psema seisundi kohta ei oska praegu \u00f6elda,\u201c s\u00f5nas Eesti koondise peatreener J\u00fcrgen Henn m\u00e4nguj\u00e4rgsel pressikonverentsil. Lepik ise ei soovinud l\u00f5puvile j\u00e4rel juhtunust l\u00e4hemalt r\u00e4\u00e4kida.<\/p>\n<p>Kuidas see lugu Sind end tundma pani? Saada <a href=\"https:\/\/sport.delfi.ee\/artikkel\/120589119\/mitme-raske-polvetraumaga-voidelnud-mark-anders-lepik-sai-kohtumises-faari-saartega-taas-viga\/kommentaarid\" class=\"article-body-bottom__comment article-body-bottom__comment--write button button--primary button--size-auto\" rel=\"nofollow noopener\" target=\"_blank\"> Kommenteeri <\/a><a href=\"https:\/\/sport.delfi.ee\/artikkel\/120589119\/mitme-raske-polvetraumaga-voidelnud-mark-anders-lepik-sai-kohtumises-faari-saartega-taas-viga\/kommentaarid\" class=\"article-body-bottom__comment article-body-bottom__comment--read button button--size-auto\" rel=\"nofollow noopener\" target=\"_blank\"> Loe kommentaare (6)<\/a><\/p>\n","protected":false},"excerpt":{"rendered":"M\u00f5ningase pausi j\u00e4rel taas A-koondisesse p\u00e4\u00e4senud 25-aastane r\u00fcndaja Mark Anders Lepik alustas Balti turniiri poolfinaali F\u00e4\u00e4ri saarte vastu&hellip;\n","protected":false},"author":2,"featured_media":197479,"comment_status":"","ping_status":"","sticky":false,"template":"","format":"standard","meta":{"footnotes":"","_share_on_mastodon":"0"},"categories":[18],"tags":[37,33,5456,35,34,36,12951,159,158],"class_list":["post-197478","post","type-post","status-publish","format-standard","has-post-thumbnail","category-sport","tag-ee","tag-eesti","tag-eesti-jalgpallikoondis","tag-eesti-keel","tag-estonia","tag-estonian","tag-mark-anders-lepik","tag-sport","tag-sports"],"share_on_mastodon":{"url":"https:\/\/pubeurope.com\/@ee\/116708613037331630","error":""},"_links":{"self":[{"href":"https:\/\/www.europesays.com\/ee\/wp-json\/wp\/v2\/posts\/197478","targetHints":{"allow":["GET"]}}],"collection":[{"href":"https:\/\/www.europesays.com\/ee\/wp-json\/wp\/v2\/posts"}],"about":[{"href":"https:\/\/www.europesays.com\/ee\/wp-json\/wp\/v2\/types\/post"}],"author":[{"embeddable":true,"href":"https:\/\/www.europesays.com\/ee\/wp-json\/wp\/v2\/users\/2"}],"replies":[{"embeddable":true,"href":"https:\/\/www.europesays.com\/ee\/wp-json\/wp\/v2\/comments?post=197478"}],"version-history":[{"count":0,"href":"https:\/\/www.europesays.com\/ee\/wp-json\/wp\/v2\/posts\/197478\/revisions"}],"wp:featuredmedia":[{"embeddable":true,"href":"https:\/\/www.europesays.com\/ee\/wp-json\/wp\/v2\/media\/197479"}],"wp:attachment":[{"href":"https:\/\/www.europesays.com\/ee\/wp-json\/wp\/v2\/media?parent=197478"}],"wp:term":[{"taxonomy":"category","embeddable":true,"href":"https:\/\/www.europesays.com\/ee\/wp-json\/wp\/v2\/categories?post=197478"},{"taxonomy":"post_tag","embeddable":true,"href":"https:\/\/www.europesays.com\/ee\/wp-json\/wp\/v2\/tags?post=197478"}],"curies":[{"name":"wp","href":"https:\/\/api.w.org\/{rel}","templated":true}]}}