{"id":197663,"date":"2026-06-07T17:08:50","date_gmt":"2026-06-07T17:08:50","guid":{"rendered":"https:\/\/www.europesays.com\/ee\/197663\/"},"modified":"2026-06-07T17:08:50","modified_gmt":"2026-06-07T17:08:50","slug":"ilmateade-nadal-lopeb-rannailmaga","status":"publish","type":"post","link":"https:\/\/www.europesays.com\/ee\/197663\/","title":{"rendered":"ILMATEADE | N\u00e4dal l\u00f5peb rannailmaga"},"content":{"rendered":"<p>\ud83c\udf05 P\u00e4ev<\/p>\n<p>\u00d5hutemperatuur on 19..24, rannikul kohati 14\u00b0C.<\/p>\n<p>\ud83c\udf43 Tuul<\/p>\n<p>Puhub valdavalt l\u00f5unakaare tuul 2-8 m\/s, \u00f5htu poole n\u00f5rk muutliku suunaga tuul. <\/p>\n<p>\u2602\ufe0f Sademed<\/p>\n<p class=\"x_MsoNormal\"> P\u00fchap\u00e4eval, 07. juunil algavad liikluspiirangud<\/p>\n<p class=\"x_MsoNormal\"> 45. Tartu <a rel=\"noopener nofollow\" target=\"_blank\" href=\"https:\/\/www.delfi.ee\/teema\/96898925\/rattaralli\" tag-id=\"96898925\">Rattaralli<\/a> t\u00f5ttu on Tartu ja J\u00f5geva maakonna teedele kehtestatud arvukalt liikluspiiranguid ning on teede sulgemisi.<\/p>\n<p class=\"x_MsoNormal\">Palume liiklejatel olla ettevaatlikud, j\u00e4lgida t\u00e4helepanelikult ajutist liikluskorraldust ja s\u00f5idu planeerimisel arvestada t\u00e4iendava ajakuluga. Suletavad teel\u00f5igud on leitavad Targa Tee kaardilt <a rel=\"noopener nofollow\" target=\"_blank\" href=\"http:\/\/tarktee.ee\" data-rel-date-range=\"[]\">tarktee.ee<\/a> v\u00f5i nt Waze\u2019i mobiilirakendusest.<\/p>\n<p class=\"x_MsoNormal\"> K\u00f5igi hetkel kehtivate liikluspiirangute kohta vaata <a rel=\"noopener nofollow\" target=\"_blank\" href=\"https:\/\/tarktee.ee\" data-rel-date-range=\"[]\">https:\/\/tarktee.ee<\/a> v\u00f5i helista telefonil 1247.<\/p>\n<p>J\u00e4rgmised p\u00e4evad<\/p>\n<p>Esmasp\u00e4eval (8.06) on L\u00e4\u00e4ne-Eestis v\u00e4hese ja vahelduva pilvisusega ilm. Kohati sajab hoovihma. Ida-Eestis on pilvisem ja mitmel pool sajab hoovihma, Kagu-Eestis on \u00e4ikeseoht. Puhub valdavalt p\u00f5hjakaare tuul 2-8 m\/s. \u00d5hutemperatuur on 19..24, sajupilvede all ja kohati rannikul 15\u00b0C.<\/p>\n<p>Teisip\u00e4ev (9.06) on vahelduva pilvisusega. Mitmel pool sajab hoovihma, tihedam alt on sajuhooge Kirde-Eestis. Puhub l\u00e4\u00e4nekaare tuul 3-9 m\/s. \u00d5hutemperatuur on 19..24, sajupilvede all ja kohati rannikul 16\u00b0C.<\/p>\n<p>Ilm l\u00e4hiriikide pealinnades<\/p>\n<p>Helsingi<\/p>\n<p>Helsingis esineb hommikul kerget pilvisust, p\u00e4ev on p\u00e4ikesepaisteline ning sajuta.  Temperatuur j\u00e4\u00e4b 13&#8230;21 \u00b0C vahele. Puhub muutliku suunaga tuul, puhanguti kuni 6 m\/s.<\/p>\n<p>Riia<\/p>\n<p>L\u00e4ti pealinnas on t\u00e4na p\u00e4ikeseline ja sajuta ilm. Puhub muutliku suunaga tuul kuni 8 m\/s. Temperatuur p\u00fcsib 13&#8230;25 \u00b0C vahel.<\/p>\n<p>Allikad: keskkonnaagentuuri ilmateenistus, yr.no, Tark Tee<\/p>\n<p>Kuidas see lugu Sind end tundma pani? Saada <a href=\"https:\/\/maaleht.delfi.ee\/artikkel\/120589074\/ilmateade-nadal-lopeb-rannailmaga\/kommentaarid\" class=\"article-body-bottom__comment article-body-bottom__comment--write button button--primary button--size-auto\" rel=\"nofollow noopener\" target=\"_blank\"> Kommenteeri <\/a><a href=\"https:\/\/maaleht.delfi.ee\/artikkel\/120589074\/ilmateade-nadal-lopeb-rannailmaga\/kommentaarid\" class=\"article-body-bottom__comment article-body-bottom__comment--read button button--size-auto\" rel=\"nofollow noopener\" target=\"_blank\"> Loe kommentaare (9)<\/a><\/p>\n","protected":false},"excerpt":{"rendered":"\ud83c\udf05 P\u00e4ev \u00d5hutemperatuur on 19..24, rannikul kohati 14\u00b0C. \ud83c\udf43 Tuul Puhub valdavalt l\u00f5unakaare tuul 2-8 m\/s, \u00f5htu poole&hellip;\n","protected":false},"author":2,"featured_media":197664,"comment_status":"","ping_status":"","sticky":false,"template":"","format":"standard","meta":{"footnotes":"","_share_on_mastodon":"0"},"categories":[12],"tags":[26,27,37,33,35,34,36,31,32,21,668,13188,28,29,19,9935,25,83111,5020,81011,23,24,22,20,30],"class_list":["post-197663","post","type-post","status-publish","format-standard","has-post-thumbnail","category-eesti","tag-breaking-news","tag-breakingnews","tag-ee","tag-eesti","tag-eesti-keel","tag-estonia","tag-estonian","tag-featured-news","tag-featurednews","tag-headlines","tag-ilm","tag-laane-eesti","tag-latest-news","tag-latestnews","tag-news","tag-paike","tag-populaarseimad-lood","tag-rattaralli","tag-sadu","tag-tartu-rattaralli","tag-top-stories","tag-topstories","tag-uldised-uudised","tag-uudised","tag-viimased-uudised"],"share_on_mastodon":{"url":"https:\/\/pubeurope.com\/@ee\/116709930231464874","error":""},"_links":{"self":[{"href":"https:\/\/www.europesays.com\/ee\/wp-json\/wp\/v2\/posts\/197663","targetHints":{"allow":["GET"]}}],"collection":[{"href":"https:\/\/www.europesays.com\/ee\/wp-json\/wp\/v2\/posts"}],"about":[{"href":"https:\/\/www.europesays.com\/ee\/wp-json\/wp\/v2\/types\/post"}],"author":[{"embeddable":true,"href":"https:\/\/www.europesays.com\/ee\/wp-json\/wp\/v2\/users\/2"}],"replies":[{"embeddable":true,"href":"https:\/\/www.europesays.com\/ee\/wp-json\/wp\/v2\/comments?post=197663"}],"version-history":[{"count":0,"href":"https:\/\/www.europesays.com\/ee\/wp-json\/wp\/v2\/posts\/197663\/revisions"}],"wp:featuredmedia":[{"embeddable":true,"href":"https:\/\/www.europesays.com\/ee\/wp-json\/wp\/v2\/media\/197664"}],"wp:attachment":[{"href":"https:\/\/www.europesays.com\/ee\/wp-json\/wp\/v2\/media?parent=197663"}],"wp:term":[{"taxonomy":"category","embeddable":true,"href":"https:\/\/www.europesays.com\/ee\/wp-json\/wp\/v2\/categories?post=197663"},{"taxonomy":"post_tag","embeddable":true,"href":"https:\/\/www.europesays.com\/ee\/wp-json\/wp\/v2\/tags?post=197663"}],"curies":[{"name":"wp","href":"https:\/\/api.w.org\/{rel}","templated":true}]}}